{"id":184031,"date":"2025-12-11T12:29:09","date_gmt":"2025-12-11T12:29:09","guid":{"rendered":"https:\/\/www.europesays.com\/pt\/184031\/"},"modified":"2025-12-11T12:29:09","modified_gmt":"2025-12-11T12:29:09","slug":"video-mostra-paraquedista-a-ficar-preso-na-asa-de-aviao-na-australia","status":"publish","type":"post","link":"https:\/\/www.europesays.com\/pt\/184031\/","title":{"rendered":"V\u00eddeo mostra paraquedista a ficar preso na asa de avi\u00e3o na Austr\u00e1lia"},"content":{"rendered":"<p data-remotead-prev-elm=\"true\" data-remotead-elm-id=\"inread\">O paraquedista sobreviveu ao incidente, que ocorreu ao sul de Cairns durante uma manobra em setembro, mas s\u00f3 agora foi divulgado ap\u00f3s investiga\u00e7\u00f5es do \u00f3rg\u00e3o de fiscaliza\u00e7\u00e3o da seguran\u00e7a nos transportes.<\/p>\n<p>Os planos para uma forma\u00e7\u00e3o de 16 paraquedistas a 4600 metros de altitude tomaram propor\u00e7\u00f5es graves segundos ap\u00f3s o primeiro participante sair do avi\u00e3o. Um v\u00eddeo divulgado pelo Departamento Australiano de Seguran\u00e7a nos Transportes mostra o paraquedas de reserva do participante a ser acionado depois de ter ficado preso na asa do avi\u00e3o.<\/p>\n<blockquote class=\"twitter-tweet\" data-media-max-width=\"560\">\n<p>Wild footage has captured the moment a skydiver fought for his life when his reserve chute accidentally deployed and became tangled around the tail of a plane<\/p>\n<p>The incident forced a dramatic emergency landing during a jump in Far North Queensland.<\/p>\n<p>READ MORE:&#8230; <a href=\"https:\/\/t.co\/DVOXltByGV\" rel=\"nofollow\">pic.twitter.com\/DVOXltByGV<\/a><\/p>\n<p>&#8211; The Advertiser (@theTiser) <a href=\"https:\/\/twitter.com\/theTiser\/status\/1998941489326600444?ref_src=twsrc%5Etfw\" rel=\"nofollow noopener\" target=\"_blank\">December 11, 2025<\/a><\/p><\/blockquote>\n<p data-remotead-prev-elm=\"true\" data-remotead-elm-id=\"centro1\">O paraquedista foi visto a colocar as m\u00e3os no capacete durante alguns segundos, como se estivesse em estado de choque. Em seguida, cortou as cordas do paraquedas de reserva e libertou-se. Aterrou em seguran\u00e7a depois de acionar o paraquedas principal. &#8220;Ter uma faca com gancho &#8211; embora n\u00e3o seja um requisito regulamentar &#8211; pode salvar vidas em caso de acionamento prematuro do paraquedas de reserva&#8221;, disse o comiss\u00e1rio-chefe do departamento, Angus Mitchell.<\/p>\n<p>A asa da aeronave ficou &#8220;substancialmente danificada&#8221; pelo incidente e o piloto tinha controlo limitado do avi\u00e3o, tendo sido for\u00e7ado a enviar um pedido de socorro, mas conseguiu pousar em seguran\u00e7a.<\/p>\n<p><script async src=\"https:\/\/platform.twitter.com\/widgets.js\" charset=\"utf-8\"><\/script><\/p>\n","protected":false},"excerpt":{"rendered":"O paraquedista sobreviveu ao incidente, que ocorreu ao sul de Cairns durante uma manobra em setembro, mas s\u00f3&hellip;\n","protected":false},"author":2,"featured_media":184032,"comment_status":"","ping_status":"","sticky":false,"template":"","format":"standard","meta":{"footnotes":""},"categories":[50],"tags":[2337,27,28,15,16,14,25,26,21,22,62,12,13,19,20,7617,23,24,17,18,29,30,31,63,64,65],"class_list":{"0":"post-184031","1":"post","2":"type-post","3":"status-publish","4":"format-standard","5":"has-post-thumbnail","7":"category-mundo","8":"tag-australia","9":"tag-breaking-news","10":"tag-breakingnews","11":"tag-featured-news","12":"tag-featurednews","13":"tag-headlines","14":"tag-latest-news","15":"tag-latestnews","16":"tag-main-news","17":"tag-mainnews","18":"tag-mundo","19":"tag-news","20":"tag-noticias","21":"tag-noticias-principais","22":"tag-noticiasprincipais","23":"tag-paraquedas","24":"tag-principais-noticias","25":"tag-principaisnoticias","26":"tag-top-stories","27":"tag-topstories","28":"tag-ultimas","29":"tag-ultimas-noticias","30":"tag-ultimasnoticias","31":"tag-world","32":"tag-world-news","33":"tag-worldnews"},"share_on_mastodon":{"url":"https:\/\/pubeurope.com\/@pt\/115700941726614373","error":""},"_links":{"self":[{"href":"https:\/\/www.europesays.com\/pt\/wp-json\/wp\/v2\/posts\/184031","targetHints":{"allow":["GET"]}}],"collection":[{"href":"https:\/\/www.europesays.com\/pt\/wp-json\/wp\/v2\/posts"}],"about":[{"href":"https:\/\/www.europesays.com\/pt\/wp-json\/wp\/v2\/types\/post"}],"author":[{"embeddable":true,"href":"https:\/\/www.europesays.com\/pt\/wp-json\/wp\/v2\/users\/2"}],"replies":[{"embeddable":true,"href":"https:\/\/www.europesays.com\/pt\/wp-json\/wp\/v2\/comments?post=184031"}],"version-history":[{"count":0,"href":"https:\/\/www.europesays.com\/pt\/wp-json\/wp\/v2\/posts\/184031\/revisions"}],"wp:featuredmedia":[{"embeddable":true,"href":"https:\/\/www.europesays.com\/pt\/wp-json\/wp\/v2\/media\/184032"}],"wp:attachment":[{"href":"https:\/\/www.europesays.com\/pt\/wp-json\/wp\/v2\/media?parent=184031"}],"wp:term":[{"taxonomy":"category","embeddable":true,"href":"https:\/\/www.europesays.com\/pt\/wp-json\/wp\/v2\/categories?post=184031"},{"taxonomy":"post_tag","embeddable":true,"href":"https:\/\/www.europesays.com\/pt\/wp-json\/wp\/v2\/tags?post=184031"}],"curies":[{"name":"wp","href":"https:\/\/api.w.org\/{rel}","templated":true}]}}