{"id":184035,"date":"2025-12-11T12:31:08","date_gmt":"2025-12-11T12:31:08","guid":{"rendered":"https:\/\/www.europesays.com\/pt\/184035\/"},"modified":"2025-12-11T12:31:08","modified_gmt":"2025-12-11T12:31:08","slug":"momentos-de-tensao-em-parque-da-stcp-no-porto-jornal-de-noticias","status":"publish","type":"post","link":"https:\/\/www.europesays.com\/pt\/184035\/","title":{"rendered":"Momentos de tens\u00e3o em parque da STCP no Porto &#8211; Jornal de Not\u00edcias"},"content":{"rendered":"<ol>\n<li><a href=\"https:\/\/news.google.com\/rss\/articles\/CBMikgFBVV95cUxOTnQ3LWxhX1FfX0xyYm84dzRJUkdHRGVaVE1rdjQ0MmRQeGVaTTVUZnBzZVY1RU5fcjFsYnA2TmJ1X21xSTNkc3laUEltYzNQYW03WVQwbXExOWxjYVktNUdKME9SU3NERmlRZUlTTHVFVGYzSWxla2t0d2ZPV1VKSW1UZXctRXlVTWYwcTlaeEpIUdIBggFBVV95cUxOVE9Lc0ExSDRXU2RlQ0gwSWtsMS1FNjNJQTFnNGhzN1dYTzJkOG5VRkNtM3h0akFpcWhGR0M0ZmdNZEhDOXdUcjU1WGwzWW5aNzVlWnY3R0QwWjRsUk9adHNmWU9MOE16dC1NM1F5RUJmZ25jME9lYmkzRkc5MmI4Wjdn?oc=5\" target=\"_blank\" rel=\"nofollow noopener\">Momentos de tens\u00e3o em parque da STCP no Porto<\/a>&nbsp;&nbsp;Jornal de Not\u00edcias<\/li>\n<li><a href=\"https:\/\/news.google.com\/rss\/articles\/CBMid0FVX3lxTE5NSExNNFg3cnkwTjNNSi1qYnpydmZldFd0Um1uRS1HVVFDZ0FmWXlDeFVwdzNDMjBxS0VmdzVRbm4xc0lGMkpMZ244alMzdmRHWTJkQW5kTHNKTHJveVREQV9KVFhPSmlpcFg0a1pGOThfN1hySmp3?oc=5\" target=\"_blank\" rel=\"nofollow noopener\">Piquete de greve na STCP, Porto<\/a>&nbsp;&nbsp;CGTP-IN<\/li>\n<li><a href=\"https:\/\/news.google.com\/rss\/articles\/CBMiU0FVX3lxTFB1bmduaVU3VFg5QjNKZ1ZKTjNGU1JiOFJpYTRzQk9LaC1Kcno0em5zYUZLZGtjUll0N3dLZ1RnLTBoY3Y0QVZLSUM5b3hobWwwaTdZ?oc=5\" target=\"_blank\" rel=\"nofollow noopener\">Piquete de greve dos STCP no Porto decorre com momentos de tens\u00e3o<\/a>&nbsp;&nbsp;Porto Canal<\/li>\n<li><a href=\"https:\/\/news.google.com\/rss\/articles\/CBMiwgFBVV95cUxOTHdKb0JQSnRnSFpOWWZsLVpXSGxtQW1LdWhCZHR4eVFOQUxaaV8zMTBRR2lnNzNnQXdZQXB2Si1VUGJSb3ZKRENLUi1PSERVZndlQkZFcHByQTVNQ0Uya2NKYXdUUy1vRTBJanNkcUxnUXpXMGVvbHRJTjBCSGViWDlRYXpRaG5VOGZMb1lSTGFHSk5pMkhRT1NHSXJBenV4XzFVN21lMURWQXNGTU9fMzR5SzZJc0ZvaHpTXzByTDN5dw?oc=5\" target=\"_blank\" rel=\"nofollow noopener\">Tens\u00e3o entre pol\u00edcia e piquetes de greve nos autocarros de Lisboa e no Porto<\/a>&nbsp;&nbsp;SIC Not\u00edcias<\/li>\n<li><a href=\"https:\/\/news.google.com\/rss\/articles\/CBMif0FVX3lxTE9vT1d6U3JEdGhxeDNBNXNieFhxcjhFakJyZ3l6VHg5ZHZEUGdVM0Vublh0Uk9QdEhKeGlsWVk3S3ZTeGZkUmNIeDBOWDJIOVQxVDRXbGRKcGtIT3p5bEx1aV84OUxldGo0Ml9NSnA2cnQ4V0NWMURVZHhodURRLU0?oc=5\" target=\"_blank\" rel=\"nofollow noopener\">GREVE GERAL: TENS\u00c3O ENTRE TRABALHADORES E POL\u00cdCIA (V\u00cdDEO)<\/a>&nbsp;&nbsp;24horas.pt<\/li>\n<\/ol>\n","protected":false},"excerpt":{"rendered":"Momentos de tens\u00e3o em parque da STCP no Porto&nbsp;&nbsp;Jornal de Not\u00edcias Piquete de greve na STCP, Porto&nbsp;&nbsp;CGTP-IN Piquete&hellip;\n","protected":false},"author":2,"featured_media":184036,"comment_status":"","ping_status":"","sticky":false,"template":"","format":"standard","meta":{"footnotes":""},"categories":[8],"tags":[27,28,15,16,31789,14,25,26,21,22,619,12,13,19,20,32,23,24,33,24049,17,18,29,30,31],"class_list":{"0":"post-184035","1":"post","2":"type-post","3":"status-publish","4":"format-standard","5":"has-post-thumbnail","7":"category-principais-noticias","8":"tag-breaking-news","9":"tag-breakingnews","10":"tag-featured-news","11":"tag-featurednews","12":"tag-greve-geral","13":"tag-headlines","14":"tag-latest-news","15":"tag-latestnews","16":"tag-main-news","17":"tag-mainnews","18":"tag-nacional","19":"tag-news","20":"tag-noticias","21":"tag-noticias-principais","22":"tag-noticiasprincipais","23":"tag-portugal","24":"tag-principais-noticias","25":"tag-principaisnoticias","26":"tag-pt","27":"tag-stcp","28":"tag-top-stories","29":"tag-topstories","30":"tag-ultimas","31":"tag-ultimas-noticias","32":"tag-ultimasnoticias"},"share_on_mastodon":{"url":"https:\/\/pubeurope.com\/@pt\/115700949656444808","error":""},"_links":{"self":[{"href":"https:\/\/www.europesays.com\/pt\/wp-json\/wp\/v2\/posts\/184035","targetHints":{"allow":["GET"]}}],"collection":[{"href":"https:\/\/www.europesays.com\/pt\/wp-json\/wp\/v2\/posts"}],"about":[{"href":"https:\/\/www.europesays.com\/pt\/wp-json\/wp\/v2\/types\/post"}],"author":[{"embeddable":true,"href":"https:\/\/www.europesays.com\/pt\/wp-json\/wp\/v2\/users\/2"}],"replies":[{"embeddable":true,"href":"https:\/\/www.europesays.com\/pt\/wp-json\/wp\/v2\/comments?post=184035"}],"version-history":[{"count":0,"href":"https:\/\/www.europesays.com\/pt\/wp-json\/wp\/v2\/posts\/184035\/revisions"}],"wp:featuredmedia":[{"embeddable":true,"href":"https:\/\/www.europesays.com\/pt\/wp-json\/wp\/v2\/media\/184036"}],"wp:attachment":[{"href":"https:\/\/www.europesays.com\/pt\/wp-json\/wp\/v2\/media?parent=184035"}],"wp:term":[{"taxonomy":"category","embeddable":true,"href":"https:\/\/www.europesays.com\/pt\/wp-json\/wp\/v2\/categories?post=184035"},{"taxonomy":"post_tag","embeddable":true,"href":"https:\/\/www.europesays.com\/pt\/wp-json\/wp\/v2\/tags?post=184035"}],"curies":[{"name":"wp","href":"https:\/\/api.w.org\/{rel}","templated":true}]}}