{"id":184052,"date":"2025-12-11T12:44:08","date_gmt":"2025-12-11T12:44:08","guid":{"rendered":"https:\/\/www.europesays.com\/pt\/184052\/"},"modified":"2025-12-11T12:44:08","modified_gmt":"2025-12-11T12:44:08","slug":"amigo-de-estrelas-de-hollywood-ex-diretor-do-centro-oscar-niemeyer-foi-detido-no-algarve","status":"publish","type":"post","link":"https:\/\/www.europesays.com\/pt\/184052\/","title":{"rendered":"Amigo de estrelas de Hollywood, ex-diretor do Centro \u00d3scar Niemeyer foi detido no Algarve"},"content":{"rendered":"<p>Natalio Grueso, de 55 anos, era uma figura proeminente da cultura espanhola. O &#8220;<a href=\"https:\/\/elpais.com\/cultura\/2025-12-05\/detenido-el-promotor-cultural-natalio-grueso-condenado-por-el-caso-niemeyer-tras-mas-de-dos-anos-fugado.html\" target=\"_blank\" rel=\"noopener noreferrer nofollow\">El Pa\u00eds<\/a>&#8221; conta que se rodeou de amigos como as estrelas de Hollywood Woody Allen ou Kevin Spacey, e de escritores como o laureado Mario Vargas Llosa ou Paulo Coelho, que lhe fizeram dedicat\u00f3rias nos seus livros.<\/p>\n<p><a href=\"https:\/\/expresso.pt\/subscrever?action=GEN&amp;channel=BAF&amp;type=CAP&amp;source=WEB&amp;returnUrl=https:\/\/expresso.pt\/sociedade\/seguranca\/2025-12-11-amigo-de-estrelas-de-hollywood-ex-diretor-do-centro-oscar-niemeyer-foi-detido-no-algarve-817f8e41&amp;utm_source=expresso&amp;utm_medium=locked_article&amp;locked=true&amp;article_id=17ac4c30-5111-45e5-b5d8-b00c7ce1f037&amp;author_id=Hugo+Franco&amp;category=Seguran\u00e7a\" target=\"_self\" class=\"\" rel=\"nofollow noopener\">Subscrever<\/a>J\u00e1 \u00e9 Subscritor?Fa\u00e7a login e continue a ler<a href=\"http:\/\/expresso.pt\/codigo?redirectUrl=https:\/\/expresso.pt\/sociedade\/seguranca\/2025-12-11-amigo-de-estrelas-de-hollywood-ex-diretor-do-centro-oscar-niemeyer-foi-detido-no-algarve-817f8e41\" target=\"_self\" class=\"\" rel=\"nofollow noopener\">Inserir C\u00f3digo<\/a>Comprou o Expresso?Insira o c\u00f3digo presente na Revista E para continuar a ler<\/p>\n","protected":false},"excerpt":{"rendered":"Natalio Grueso, de 55 anos, era uma figura proeminente da cultura espanhola. O &#8220;El Pa\u00eds&#8221; conta que se&hellip;\n","protected":false},"author":2,"featured_media":184053,"comment_status":"","ping_status":"","sticky":false,"template":"","format":"standard","meta":{"footnotes":""},"categories":[10],"tags":[27,28,15,16,14,25,26,21,22,12,13,19,20,32,23,24,33,17,18,29,30,31],"class_list":{"0":"post-184052","1":"post","2":"type-post","3":"status-publish","4":"format-standard","5":"has-post-thumbnail","7":"category-portugal","8":"tag-breaking-news","9":"tag-breakingnews","10":"tag-featured-news","11":"tag-featurednews","12":"tag-headlines","13":"tag-latest-news","14":"tag-latestnews","15":"tag-main-news","16":"tag-mainnews","17":"tag-news","18":"tag-noticias","19":"tag-noticias-principais","20":"tag-noticiasprincipais","21":"tag-portugal","22":"tag-principais-noticias","23":"tag-principaisnoticias","24":"tag-pt","25":"tag-top-stories","26":"tag-topstories","27":"tag-ultimas","28":"tag-ultimas-noticias","29":"tag-ultimasnoticias"},"share_on_mastodon":{"url":"https:\/\/pubeurope.com\/@pt\/115701000884461820","error":""},"_links":{"self":[{"href":"https:\/\/www.europesays.com\/pt\/wp-json\/wp\/v2\/posts\/184052","targetHints":{"allow":["GET"]}}],"collection":[{"href":"https:\/\/www.europesays.com\/pt\/wp-json\/wp\/v2\/posts"}],"about":[{"href":"https:\/\/www.europesays.com\/pt\/wp-json\/wp\/v2\/types\/post"}],"author":[{"embeddable":true,"href":"https:\/\/www.europesays.com\/pt\/wp-json\/wp\/v2\/users\/2"}],"replies":[{"embeddable":true,"href":"https:\/\/www.europesays.com\/pt\/wp-json\/wp\/v2\/comments?post=184052"}],"version-history":[{"count":0,"href":"https:\/\/www.europesays.com\/pt\/wp-json\/wp\/v2\/posts\/184052\/revisions"}],"wp:featuredmedia":[{"embeddable":true,"href":"https:\/\/www.europesays.com\/pt\/wp-json\/wp\/v2\/media\/184053"}],"wp:attachment":[{"href":"https:\/\/www.europesays.com\/pt\/wp-json\/wp\/v2\/media?parent=184052"}],"wp:term":[{"taxonomy":"category","embeddable":true,"href":"https:\/\/www.europesays.com\/pt\/wp-json\/wp\/v2\/categories?post=184052"},{"taxonomy":"post_tag","embeddable":true,"href":"https:\/\/www.europesays.com\/pt\/wp-json\/wp\/v2\/tags?post=184052"}],"curies":[{"name":"wp","href":"https:\/\/api.w.org\/{rel}","templated":true}]}}