{"id":184054,"date":"2025-12-11T12:45:21","date_gmt":"2025-12-11T12:45:21","guid":{"rendered":"https:\/\/www.europesays.com\/pt\/184054\/"},"modified":"2025-12-11T12:45:21","modified_gmt":"2025-12-11T12:45:21","slug":"tomb-raider-legacy-of-atlantis-avistado","status":"publish","type":"post","link":"https:\/\/www.europesays.com\/pt\/184054\/","title":{"rendered":"Tomb Raider: Legacy of Atlantis avistado"},"content":{"rendered":"<p>A Crystal Dynamics prometeu mostrar o futuro de Lara Croft nos Game Awards, mas antes da chegada do evento foram descobertas informa\u00e7\u00f5es que apontam para um poss\u00edvel remake do primeiro jogo.<\/p>\n<p>Tomb Raider: Legacy of Atlantis <a href=\"https:\/\/www.resetera.com\/threads\/rumor-leak-spoilers-potential-box-art-and-some-info-of-tr1-remake-%E2%80%9Cretelling%E2%80%9D-has-leaked.1379143\/\" rel=\"nofollow noopener\" target=\"_blank\">\u00e9 o alegado nome do pr\u00f3ximo jogo<\/a> de Lara Croft, que surgir\u00e1 como um remake do primeiro jogo da s\u00e9rie, no qual ter\u00e1s o design cl\u00e1ssico de Lara, mas numa vers\u00e3o atualizada.<\/p>\n<p>O prop\u00f3sito da Crystal Dynamics \u00e9 reiniciar novamente a franquia, mas com um design unificado que prepara a Lara Croft para uma nova era no entretenimento, dentro e fora dos videojogos.<\/p>\n<p>Se estamos perante um remake do primeiro Tomb Raider ou um novo jogo que d\u00e1 in\u00edcio a uma nova era, constru\u00eddo \u00e0 imagem dos cl\u00e1ssicos, ainda n\u00e3o sabemos, mas o futuro de Lara Croft passa por um regresso \u00e0s origens.<\/p>\n","protected":false},"excerpt":{"rendered":"A Crystal Dynamics prometeu mostrar o futuro de Lara Croft nos Game Awards, mas antes da chegada do&hellip;\n","protected":false},"author":2,"featured_media":184055,"comment_status":"","ping_status":"","sticky":false,"template":"","format":"standard","meta":{"footnotes":""},"categories":[8],"tags":[27,28,15,16,14,25,26,21,22,12,13,19,20,32,23,24,33,17,18,29,30,31],"class_list":{"0":"post-184054","1":"post","2":"type-post","3":"status-publish","4":"format-standard","5":"has-post-thumbnail","7":"category-principais-noticias","8":"tag-breaking-news","9":"tag-breakingnews","10":"tag-featured-news","11":"tag-featurednews","12":"tag-headlines","13":"tag-latest-news","14":"tag-latestnews","15":"tag-main-news","16":"tag-mainnews","17":"tag-news","18":"tag-noticias","19":"tag-noticias-principais","20":"tag-noticiasprincipais","21":"tag-portugal","22":"tag-principais-noticias","23":"tag-principaisnoticias","24":"tag-pt","25":"tag-top-stories","26":"tag-topstories","27":"tag-ultimas","28":"tag-ultimas-noticias","29":"tag-ultimasnoticias"},"share_on_mastodon":{"url":"https:\/\/pubeurope.com\/@pt\/115701005071637456","error":""},"_links":{"self":[{"href":"https:\/\/www.europesays.com\/pt\/wp-json\/wp\/v2\/posts\/184054","targetHints":{"allow":["GET"]}}],"collection":[{"href":"https:\/\/www.europesays.com\/pt\/wp-json\/wp\/v2\/posts"}],"about":[{"href":"https:\/\/www.europesays.com\/pt\/wp-json\/wp\/v2\/types\/post"}],"author":[{"embeddable":true,"href":"https:\/\/www.europesays.com\/pt\/wp-json\/wp\/v2\/users\/2"}],"replies":[{"embeddable":true,"href":"https:\/\/www.europesays.com\/pt\/wp-json\/wp\/v2\/comments?post=184054"}],"version-history":[{"count":0,"href":"https:\/\/www.europesays.com\/pt\/wp-json\/wp\/v2\/posts\/184054\/revisions"}],"wp:featuredmedia":[{"embeddable":true,"href":"https:\/\/www.europesays.com\/pt\/wp-json\/wp\/v2\/media\/184055"}],"wp:attachment":[{"href":"https:\/\/www.europesays.com\/pt\/wp-json\/wp\/v2\/media?parent=184054"}],"wp:term":[{"taxonomy":"category","embeddable":true,"href":"https:\/\/www.europesays.com\/pt\/wp-json\/wp\/v2\/categories?post=184054"},{"taxonomy":"post_tag","embeddable":true,"href":"https:\/\/www.europesays.com\/pt\/wp-json\/wp\/v2\/tags?post=184054"}],"curies":[{"name":"wp","href":"https:\/\/api.w.org\/{rel}","templated":true}]}}