{"id":184080,"date":"2025-12-11T13:04:09","date_gmt":"2025-12-11T13:04:09","guid":{"rendered":"https:\/\/www.europesays.com\/pt\/184080\/"},"modified":"2025-12-11T13:04:09","modified_gmt":"2025-12-11T13:04:09","slug":"band-fm-confirma-retorno-a-regiao-de-araraquara-sp-e-realiza-convencao-nacional-de-sua-rede","status":"publish","type":"post","link":"https:\/\/www.europesays.com\/pt\/184080\/","title":{"rendered":"Band FM confirma retorno \u00e0 regi\u00e3o de Araraquara (SP) e realiza conven\u00e7\u00e3o nacional de sua rede"},"content":{"rendered":"<p>A Rede Band FM, de formato popular\/hits, ter\u00e1 mais uma afiliada no interior paulista nesta reta final de 2025. Est\u00e1 confirmada a entrada no ar da<strong> Band FM 88.1 de Mat\u00e3o \/ Araraquara, cuja estreia oficial est\u00e1 prevista para o pr\u00f3ximo dia 18<\/strong>. Com isso, a rede marcar\u00e1 seu retorno ao mercado araraquarense, que contou com uma passagem importante da Band FM entre os anos 90 e 2000. Outra novidade envolvendo a emissora do Grupo Bandeirantes <strong>foi a realiza\u00e7\u00e3o de uma conven\u00e7\u00e3o nacional com seus afiliados<\/strong>, em encontros ocorridos nos dias 3 e 10 deste m\u00eas. <strong>A futura Band FM Mat\u00e3o \/ Araraquara ser\u00e1 a nona estreia da rede em 2025<\/strong>.<\/p>\n<p>De acordo com o que apurou o <strong>tudoradio.com<\/strong>, a <strong>Band FM Mat\u00e3o \/ Araraquara ser\u00e1 integrada oficialmente \u00e0 rede a partir das 06h00 do dia 18<\/strong>, ou seja, na pr\u00f3xima semana, quando ser\u00e1 apresentada na abertura do programa A Hora do Ronco. A nova afiliada \u00e9 uma esta\u00e7\u00e3o de cobertura regional, originada em Mat\u00e3o, mas que j\u00e1 conta com autoriza\u00e7\u00e3o para operar com cobertura de sinal local em Araraquara. Tamb\u00e9m est\u00e3o em sua \u00e1rea de cobertura cidades paulistas como Am\u00e9rico Brasiliense, Boa Esperan\u00e7a do Sul, Dobrada, Dourado, Gavi\u00e3o Peixoto, Guariba, Motuca, Nova Europa, Rinc\u00e3o, Santa Ernestina, Santa L\u00facia, Tabatinga, Taquaritinga, entre outras.<\/p>\n<p>A <strong>88.1 FM \u00e9 uma emissora controlada pelo Grupo Centro Paulista de Comunica\u00e7\u00e3o, sediado em Mat\u00e3o<\/strong>, que opera emissoras como a tradicional Saudades FM 90.9 e a TVM, de car\u00e1ter local. No ar desde 2018, a 88.1 FM passou por uma s\u00e9rie de atualiza\u00e7\u00f5es t\u00e9cnicas que tornaram o seu sinal de caracter\u00edstica regional.<\/p>\n<p style=\"text-align:center\"><img decoding=\"async\" alt=\"\" src=\"https:\/\/www.europesays.com\/pt\/wp-content\/uploads\/2025\/12\/693a3944afa03.png\" style=\"height:257px; width:450px\" \/><br \/>&#13;<br \/>\nLogotipo da futura Band FM Mat\u00e3o \/ Araraquara\u00a0<\/p>\n<p>A entrada da Band FM na regi\u00e3o de Araraquara \u00e9 significativa, principalmente por dois motivos: a rede teve uma passagem relevante na pra\u00e7a no come\u00e7o de sua trajet\u00f3ria como uma rede de r\u00e1dios de formato popular. Atrav\u00e9s de uma r\u00e1dio pr\u00f3pria do Grupo Bandeirantes, atuou em 91.9 FM entre 1990 e 2010, quando foi <a href=\"https:\/\/tudoradio.com\/noticias\/ver\/3688-exclusivo-nativa-fm-ja-esta-no-ar-em-araraquara\" rel=\"nofollow noopener\" target=\"_blank\"><strong>substitu\u00edda pela atual Nativa FM 91.9<\/strong><\/a>. Agora, em 88.1 FM, <strong>a Band FM retorna em um novo momento de sua rede, que est\u00e1 em expans\u00e3o pelo pa\u00eds e figura entre as maiores audi\u00eancias nas pra\u00e7as onde atua<\/strong>.<\/p>\n<p>O segundo motivo que chama a aten\u00e7\u00e3o do mercado \u00e9 relacionado \u00e0 cobertura da Band FM no interior paulista: Mat\u00e3o e Araraquara s\u00e3o dois centros importantes que n\u00e3o contavam com a rede, que est\u00e1 amplamente distribu\u00edda pelo estado. Ou seja, a 88.1 FM estar\u00e1 instalada em uma das poucas \u00e1reas que n\u00e3o eram atendidas pela rede, encontrando na regi\u00e3o os sinais de afiliadas como Band FM 95.5 de Ribeir\u00e3o Preto, Band FM 89.7 de Piracicaba, Band FM 96.1 de Catanduva, Band FM 95.3 de Barretos, entre outras. S\u00e3o 25 emissoras carregando a marca da Band FM em territ\u00f3rio paulista, rede que, no total, conta com 72 emissoras espalhadas pelo pa\u00eds.<\/p>\n<p><strong>Conven\u00e7\u00e3o da Band FM no Grupo Bandeirantes e expans\u00e3o<\/strong><\/p>\n<p>A <strong>Rede Band FM realizou agora em dezembro sua conven\u00e7\u00e3o<\/strong> com as emissoras de todo o Brasil. Organizado em dois dias, 3 e 10 de dezembro, o encontro possibilitou que as afiliadas acompanhassem as novidades previstas para o pr\u00f3ximo ano, al\u00e9m de participarem do programa de perto com Fernando e Sorocaba, realizado no est\u00fadio Jo\u00e3o Jorge Saad, nas depend\u00eancias do Grupo Bandeirantes, <a href=\"https:\/\/tudoradio.com\/noticias\/ver\/33857-band-fm-apresenta-bandinho-novo-mascote-da-emissora-durante-evento-de-50-anos\" rel=\"nofollow noopener\" target=\"_blank\"><strong>em projeto alusivo aos 50 anos da Band FM 96.1 de S\u00e3o Paulo<\/strong><\/a>.<\/p>\n<p style=\"text-align:center\"><img decoding=\"async\" alt=\"\" src=\"https:\/\/www.europesays.com\/pt\/wp-content\/uploads\/2025\/12\/693a3944aff19.jpg\" style=\"height:520px; width:500px\" \/><br \/>&#13;<br \/>\nRegistros dos dois dias de encontro com afiliados da Band FM \/ divulga\u00e7\u00e3o<\/p>\n<p>E o ano de 2025 tem sido de forte expans\u00e3o para a Band FM. Nos \u00faltimos 30 dias, foram inauguradas emissoras como a <a href=\"https:\/\/tudoradio.com\/noticias\/ver\/34025-band-fm-amplia-presenca-em-rondonia-com-estreia-em-rolim-de-moura\" rel=\"nofollow noopener\" target=\"_blank\"><strong>Band FM 99.9 de Rolim de Moura (RO)<\/strong><\/a> e a <a href=\"https:\/\/tudoradio.com\/noticias\/ver\/34063-band-fm-anuncia-nova-afiliada-em-jaru-ro-estreia-ocorre-nesta-segunda-feira-24\" rel=\"nofollow noopener\" target=\"_blank\"><strong>Band FM 90.5 de Jaru (RO)<\/strong><\/a>. Antes, em territ\u00f3rio paulista, a rede passou a contar com a <a href=\"https:\/\/tudoradio.com\/noticias\/ver\/33784-band-fm-estreia-oficialmente-em-santos-sp-com-integracao-no-programa-a-hora-do-ronco\" rel=\"nofollow noopener\" target=\"_blank\"><strong>Band FM 105.9 de Santos<\/strong><\/a>, inaugurada em setembro passado, m\u00eas que tamb\u00e9m marcou as estreias das afiliadas <a href=\"https:\/\/tudoradio.com\/noticias\/ver\/33626-em-expansao-band-fm-podera-contar-com-afiliadas-na-baixada-santista-e-na-zona-da-mata-mineira\" rel=\"nofollow noopener\" target=\"_blank\"><strong>Band FM 93.9 de Cataguases (MG)<\/strong><\/a> e <a href=\"https:\/\/tudoradio.com\/noticias\/ver\/33748-band-fm-inicia-operacao-em-ji-parana-ro-e-amplia-presenca-no-norte-do-pais\" rel=\"nofollow noopener\" target=\"_blank\"><strong>Band FM 89.1 de Ji-Paran\u00e1 (RO)<\/strong><\/a>. Outro destaque foi a estreia da <a href=\"https:\/\/tudoradio.com\/noticias\/ver\/33002-band-fm-estreia-nesta-quarta-feira-16-em-tres-lagoas-ms\" rel=\"nofollow noopener\" target=\"_blank\"><strong>Band FM 104.5 de Tr\u00eas Lagoas (MS)<\/strong><\/a>, que marcou o retorno r\u00e1pido da marca \u00e0 cidade sul-mato-grossense.<\/p>\n<p>O ano tamb\u00e9m marcou as implanta\u00e7\u00f5es pr\u00f3prias do Grupo Bandeirantes, como a inaugura\u00e7\u00e3o da <a href=\"https:\/\/tudoradio.com\/noticias\/ver\/33429-band-fm-completa-50-anos-com-acoes-especiais-e-lidera-rede-com-68-emissoras-no-pais\" rel=\"nofollow noopener\" target=\"_blank\"><strong>Band FM 91.1 do Rio de Janeiro<\/strong><\/a> e, mais recentemente, da <a href=\"https:\/\/tudoradio.com\/noticias\/ver\/33445-rede-band-fm-estreia-emissora-em-porto-alegre-e-amplia-cobertura-no-sul-do-pais\" rel=\"nofollow noopener\" target=\"_blank\"><strong>Band FM 93.3 de Porto Alegre<\/strong><\/a>, chegando a dois dos maiores centros populacionais e econ\u00f4micos do Brasil.<\/p>\n<p>&#13;<br \/>\n\t\t\t\tTags:&#13;<br \/>\n\t\t\t\tband fm, araraquara, mat\u00e3o, expans\u00e3o band fm, afiliadas band fm, grupo bandeirantes, r\u00e1dio popular, conven\u00e7\u00e3o band fm&#13;\n\t\t\t<\/p>\n","protected":false},"excerpt":{"rendered":"A Rede Band FM, de formato popular\/hits, ter\u00e1 mais uma afiliada no interior paulista nesta reta final de&hellip;\n","protected":false},"author":2,"featured_media":184081,"comment_status":"","ping_status":"","sticky":false,"template":"","format":"standard","meta":{"footnotes":""},"categories":[141],"tags":[37498,37495,32999,37499,114,115,37497,31617,37496,149,150,32,33,24301],"class_list":{"0":"post-184080","1":"post","2":"type-post","3":"status-publish","4":"format-standard","5":"has-post-thumbnail","7":"category-musica","8":"tag-afiliadas-band-fm","9":"tag-araraquara","10":"tag-band-fm","11":"tag-convencao-band-fm","12":"tag-entertainment","13":"tag-entretenimento","14":"tag-expansao-band-fm","15":"tag-grupo-bandeirantes","16":"tag-matao","17":"tag-music","18":"tag-musica","19":"tag-portugal","20":"tag-pt","21":"tag-radio-popular"},"share_on_mastodon":{"url":"https:\/\/pubeurope.com\/@pt\/115701079831128622","error":""},"_links":{"self":[{"href":"https:\/\/www.europesays.com\/pt\/wp-json\/wp\/v2\/posts\/184080","targetHints":{"allow":["GET"]}}],"collection":[{"href":"https:\/\/www.europesays.com\/pt\/wp-json\/wp\/v2\/posts"}],"about":[{"href":"https:\/\/www.europesays.com\/pt\/wp-json\/wp\/v2\/types\/post"}],"author":[{"embeddable":true,"href":"https:\/\/www.europesays.com\/pt\/wp-json\/wp\/v2\/users\/2"}],"replies":[{"embeddable":true,"href":"https:\/\/www.europesays.com\/pt\/wp-json\/wp\/v2\/comments?post=184080"}],"version-history":[{"count":0,"href":"https:\/\/www.europesays.com\/pt\/wp-json\/wp\/v2\/posts\/184080\/revisions"}],"wp:featuredmedia":[{"embeddable":true,"href":"https:\/\/www.europesays.com\/pt\/wp-json\/wp\/v2\/media\/184081"}],"wp:attachment":[{"href":"https:\/\/www.europesays.com\/pt\/wp-json\/wp\/v2\/media?parent=184080"}],"wp:term":[{"taxonomy":"category","embeddable":true,"href":"https:\/\/www.europesays.com\/pt\/wp-json\/wp\/v2\/categories?post=184080"},{"taxonomy":"post_tag","embeddable":true,"href":"https:\/\/www.europesays.com\/pt\/wp-json\/wp\/v2\/tags?post=184080"}],"curies":[{"name":"wp","href":"https:\/\/api.w.org\/{rel}","templated":true}]}}