{"id":184088,"date":"2025-12-11T13:12:10","date_gmt":"2025-12-11T13:12:10","guid":{"rendered":"https:\/\/www.europesays.com\/pt\/184088\/"},"modified":"2025-12-11T13:12:10","modified_gmt":"2025-12-11T13:12:10","slug":"tensao-entre-policia-e-piquetes-de-greve-nos-autocarros-de-lisboa-e-no-porto","status":"publish","type":"post","link":"https:\/\/www.europesays.com\/pt\/184088\/","title":{"rendered":"Tens\u00e3o entre pol\u00edcia e piquetes de greve nos autocarros de Lisboa e no Porto"},"content":{"rendered":"<p class=\"category\"><a href=\"https:\/\/sicnoticias.pt\/pais\" rel=\"nofollow noopener\" target=\"_blank\">Pa\u00eds<\/a><\/p>\n<p>A pol\u00edcia teve de intervir para evitar confrontos entre os piquetes de greve e os motoristas que tentavam iniciar os servi\u00e7os.<\/p>\n<p><img decoding=\"async\" src=\"https:\/\/www.europesays.com\/pt\/wp-content\/uploads\/2025\/12\/1765458730_785_original.webp\" alt=\"Tens\u00e3o entre pol\u00edcia e piquetes de greve nos autocarros de Lisboa e no Porto\"\/><\/p>\n<p>Reprodu\u00e7\u00e3o\/\/ Instagram Greve ao minuto<\/p>\n<p><strong>Viveram-se, esta madrugada, momentos de tens\u00e3o entre v\u00e1rios piquetes de greve e a PSP.<\/strong><\/p>\n<p>Em v\u00e1rias contas nas redes sociais ligadas \u00e0 CGTP e ao PCP foram publicados v\u00eddeos que onde \u00e9 poss\u00edvel ver a pol\u00edcia a tentar afastar os manifestantes dos autocarros da STCP no Porto<\/p>\n<p>Num outro v\u00eddeo podem ver -se ainda, v\u00e1rios trabalhadores sentaram-se no ch\u00e3o a tentar impedir a passagem de um metro de superficie. Acabaram por ser retirados pela PSP.<\/p>\n<p>Tamb\u00e9m em Lisboa, na Musgueira, local de onde saem os autocarros da Carris para as diversas linhas, a pol\u00edcia teve de intervir para evitar confrontos entre o piquete de greve e os motoristas que tentavam iniciar os servi\u00e7os.<\/p>\n<p>Os manifestantes sentaram-se no ch\u00e3o para impedir a sa\u00edda dos ve\u00edculos, mas acabaram por ser retirados pela PSP.<\/p>\n","protected":false},"excerpt":{"rendered":"Pa\u00eds A pol\u00edcia teve de intervir para evitar confrontos entre os piquetes de greve e os motoristas que&hellip;\n","protected":false},"author":2,"featured_media":184089,"comment_status":"","ping_status":"","sticky":false,"template":"","format":"standard","meta":{"footnotes":""},"categories":[10],"tags":[27,28,15,16,14,25,26,21,22,12,13,19,20,32,23,24,33,17,18,29,30,31],"class_list":{"0":"post-184088","1":"post","2":"type-post","3":"status-publish","4":"format-standard","5":"has-post-thumbnail","7":"category-portugal","8":"tag-breaking-news","9":"tag-breakingnews","10":"tag-featured-news","11":"tag-featurednews","12":"tag-headlines","13":"tag-latest-news","14":"tag-latestnews","15":"tag-main-news","16":"tag-mainnews","17":"tag-news","18":"tag-noticias","19":"tag-noticias-principais","20":"tag-noticiasprincipais","21":"tag-portugal","22":"tag-principais-noticias","23":"tag-principaisnoticias","24":"tag-pt","25":"tag-top-stories","26":"tag-topstories","27":"tag-ultimas","28":"tag-ultimas-noticias","29":"tag-ultimasnoticias"},"share_on_mastodon":{"url":"https:\/\/pubeurope.com\/@pt\/115701111092857116","error":""},"_links":{"self":[{"href":"https:\/\/www.europesays.com\/pt\/wp-json\/wp\/v2\/posts\/184088","targetHints":{"allow":["GET"]}}],"collection":[{"href":"https:\/\/www.europesays.com\/pt\/wp-json\/wp\/v2\/posts"}],"about":[{"href":"https:\/\/www.europesays.com\/pt\/wp-json\/wp\/v2\/types\/post"}],"author":[{"embeddable":true,"href":"https:\/\/www.europesays.com\/pt\/wp-json\/wp\/v2\/users\/2"}],"replies":[{"embeddable":true,"href":"https:\/\/www.europesays.com\/pt\/wp-json\/wp\/v2\/comments?post=184088"}],"version-history":[{"count":0,"href":"https:\/\/www.europesays.com\/pt\/wp-json\/wp\/v2\/posts\/184088\/revisions"}],"wp:featuredmedia":[{"embeddable":true,"href":"https:\/\/www.europesays.com\/pt\/wp-json\/wp\/v2\/media\/184089"}],"wp:attachment":[{"href":"https:\/\/www.europesays.com\/pt\/wp-json\/wp\/v2\/media?parent=184088"}],"wp:term":[{"taxonomy":"category","embeddable":true,"href":"https:\/\/www.europesays.com\/pt\/wp-json\/wp\/v2\/categories?post=184088"},{"taxonomy":"post_tag","embeddable":true,"href":"https:\/\/www.europesays.com\/pt\/wp-json\/wp\/v2\/tags?post=184088"}],"curies":[{"name":"wp","href":"https:\/\/api.w.org\/{rel}","templated":true}]}}