{"id":184090,"date":"2025-12-11T13:13:12","date_gmt":"2025-12-11T13:13:12","guid":{"rendered":"https:\/\/www.europesays.com\/pt\/184090\/"},"modified":"2025-12-11T13:13:12","modified_gmt":"2025-12-11T13:13:12","slug":"tenho-a-certeza-de-que-ele-fara-historia","status":"publish","type":"post","link":"https:\/\/www.europesays.com\/pt\/184090\/","title":{"rendered":"\u00abTenho a certeza de que ele far\u00e1 hist\u00f3ria\u00bb"},"content":{"rendered":"<p>&#8211; Advertisement &#8211;<\/p>\n<p>Jos\u00e9 Mourinho esteve \u00e0 conversa com Scott McTominay <a href=\"https:\/\/bolanarede.pt\/especial-bola-na-rede\/atualidade\/jose-mourinho-reage-ao-triunfo-do-benfica-sobre-o-napoles-os-jogadores-interpretaram-muito-bem-o-jogo\/\" target=\"_blank\" rel=\"noreferrer noopener nofollow\">depois da vit\u00f3ria do Benfica contra o N\u00e1poles<\/a>, num encontro v\u00e1lido pela sexta jornada da Champions League. O t\u00e9cnico confessou que um dos temas debatidos foi o futuro de Jos\u00e9 Neto, lateral que se estreou pelas \u00e1guias:<\/p>\n<p>\u00abEu disse ao McTominay que os jovens que coloquei em campo nos minutos finais s\u00e3o os pr\u00f3ximos McTominays. O \u00faltimo que entrou (Jos\u00e9 Neto), tenho a certeza de que ele far\u00e1 hist\u00f3ria\u00bb, disse o treinador em declara\u00e7\u00f5es \u00e0 Prime Video.<\/p>\n<p>Jos\u00e9 Mourinho foi o respons\u00e1vel pelo lan\u00e7amento de Scott McTominay no futebol s\u00e9nior, quando os dois estavam ao servi\u00e7o do Manchester United.<\/p>\n","protected":false},"excerpt":{"rendered":"&#8211; Advertisement &#8211; Jos\u00e9 Mourinho esteve \u00e0 conversa com Scott McTominay depois da vit\u00f3ria do Benfica contra o&hellip;\n","protected":false},"author":2,"featured_media":183622,"comment_status":"","ping_status":"","sticky":false,"template":"","format":"standard","meta":{"footnotes":""},"categories":[8],"tags":[260,51,27,28,1230,478,15,16,14,1385,26340,25,26,21,22,12,13,19,20,32,23,24,33,17,18,29,30,31],"class_list":{"0":"post-184090","1":"post","2":"type-post","3":"status-publish","4":"format-standard","5":"has-post-thumbnail","7":"category-principais-noticias","8":"tag-atualidade","9":"tag-benfica","10":"tag-breaking-news","11":"tag-breakingnews","12":"tag-champions-league","13":"tag-destaques-bnr","14":"tag-featured-news","15":"tag-featurednews","16":"tag-headlines","17":"tag-jose-mourinho","18":"tag-jose-neto","19":"tag-latest-news","20":"tag-latestnews","21":"tag-main-news","22":"tag-mainnews","23":"tag-news","24":"tag-noticias","25":"tag-noticias-principais","26":"tag-noticiasprincipais","27":"tag-portugal","28":"tag-principais-noticias","29":"tag-principaisnoticias","30":"tag-pt","31":"tag-top-stories","32":"tag-topstories","33":"tag-ultimas","34":"tag-ultimas-noticias","35":"tag-ultimasnoticias"},"share_on_mastodon":{"url":"https:\/\/pubeurope.com\/@pt\/115701115148160347","error":""},"_links":{"self":[{"href":"https:\/\/www.europesays.com\/pt\/wp-json\/wp\/v2\/posts\/184090","targetHints":{"allow":["GET"]}}],"collection":[{"href":"https:\/\/www.europesays.com\/pt\/wp-json\/wp\/v2\/posts"}],"about":[{"href":"https:\/\/www.europesays.com\/pt\/wp-json\/wp\/v2\/types\/post"}],"author":[{"embeddable":true,"href":"https:\/\/www.europesays.com\/pt\/wp-json\/wp\/v2\/users\/2"}],"replies":[{"embeddable":true,"href":"https:\/\/www.europesays.com\/pt\/wp-json\/wp\/v2\/comments?post=184090"}],"version-history":[{"count":0,"href":"https:\/\/www.europesays.com\/pt\/wp-json\/wp\/v2\/posts\/184090\/revisions"}],"wp:featuredmedia":[{"embeddable":true,"href":"https:\/\/www.europesays.com\/pt\/wp-json\/wp\/v2\/media\/183622"}],"wp:attachment":[{"href":"https:\/\/www.europesays.com\/pt\/wp-json\/wp\/v2\/media?parent=184090"}],"wp:term":[{"taxonomy":"category","embeddable":true,"href":"https:\/\/www.europesays.com\/pt\/wp-json\/wp\/v2\/categories?post=184090"},{"taxonomy":"post_tag","embeddable":true,"href":"https:\/\/www.europesays.com\/pt\/wp-json\/wp\/v2\/tags?post=184090"}],"curies":[{"name":"wp","href":"https:\/\/api.w.org\/{rel}","templated":true}]}}