{"id":184107,"date":"2025-12-11T13:28:06","date_gmt":"2025-12-11T13:28:06","guid":{"rendered":"https:\/\/www.europesays.com\/pt\/184107\/"},"modified":"2025-12-11T13:28:06","modified_gmt":"2025-12-11T13:28:06","slug":"carlos-areia-ator-encontra-se-hospitalizado-e-aguarda-cirurgia","status":"publish","type":"post","link":"https:\/\/www.europesays.com\/pt\/184107\/","title":{"rendered":"Carlos Areia &#8211; Ator encontra-se hospitalizado e aguarda cirurgia"},"content":{"rendered":"<p data-field=\"title\"><strong>Carlos Areia<\/strong> est\u00e1 presentemente hospitalizado e aguarda cirurgia. O ator de 81 anos <strong>sofreu um incidente, na passada sexta-feira 5 de dezembro, e agora encontra-se hospitalizado.<\/strong> A informa\u00e7\u00e3o sobre o estado do ator portugu\u00eas foi avan\u00e7ada por Ricardo Azedo durante a Noite Estrelas, da CMTV da passada ter\u00e7a-feira, dia 9 de dezembro.<\/p>\n<blockquote>\n<p data-field=\"title\">Leia mais: Marcelo Rebelo de Sousa \u2013<a href=\"https:\/\/www.vip.pt\/marcelo-rebelo-de-sousa-3-cirurgias-revelado-tragico-historico-de-hernias-do-presidente-da-republica\" rel=\"nofollow noopener\" target=\"_blank\"> 3 cirurgias! Revelado \u2018tr\u00e1gico\u2019 hist\u00f3rico de h\u00e9rnias do Presidente da Rep\u00fablica<\/a><\/p>\n<\/blockquote>\n<p data-field=\"title\">De acordo com o que <strong>\u00c1gata Rodrigues<\/strong> revelou, <strong>Carlos Areia<\/strong> fraturou o tornozelo. O ator aguarda ser submetido a cirurgia no <strong>Hospital Garcia de Orta, em Almada.<\/strong><\/p>\n<p data-field=\"title\">Estas novidades foram avan\u00e7adas no seguimento do desabafo sobre a atual situa\u00e7\u00e3o do Servi\u00e7o Nacional de Sa\u00fade (SNS) por parte de <strong>Rosa Bela<\/strong>. A \u00faltima deixou recentemente nas suas redes sociais, um desabafo que demonstrou preocupa\u00e7\u00e3o com a falta de recursos e as dificuldades enfrentadas pelos profissionais e utentes.<\/p>\n<p>\nTexto: Reda\u00e7\u00e3o VIP; Fotos: Redes Sociais;<\/p>\n","protected":false},"excerpt":{"rendered":"Carlos Areia est\u00e1 presentemente hospitalizado e aguarda cirurgia. O ator de 81 anos sofreu um incidente, na passada&hellip;\n","protected":false},"author":2,"featured_media":184108,"comment_status":"","ping_status":"","sticky":false,"template":"","format":"standard","meta":{"footnotes":""},"categories":[145],"tags":[211,210,114,115,32,33],"class_list":{"0":"post-184107","1":"post","2":"type-post","3":"status-publish","4":"format-standard","5":"has-post-thumbnail","7":"category-celebridades","8":"tag-celebridades","9":"tag-celebrities","10":"tag-entertainment","11":"tag-entretenimento","12":"tag-portugal","13":"tag-pt"},"share_on_mastodon":{"url":"https:\/\/pubeurope.com\/@pt\/115701173662667656","error":""},"_links":{"self":[{"href":"https:\/\/www.europesays.com\/pt\/wp-json\/wp\/v2\/posts\/184107","targetHints":{"allow":["GET"]}}],"collection":[{"href":"https:\/\/www.europesays.com\/pt\/wp-json\/wp\/v2\/posts"}],"about":[{"href":"https:\/\/www.europesays.com\/pt\/wp-json\/wp\/v2\/types\/post"}],"author":[{"embeddable":true,"href":"https:\/\/www.europesays.com\/pt\/wp-json\/wp\/v2\/users\/2"}],"replies":[{"embeddable":true,"href":"https:\/\/www.europesays.com\/pt\/wp-json\/wp\/v2\/comments?post=184107"}],"version-history":[{"count":0,"href":"https:\/\/www.europesays.com\/pt\/wp-json\/wp\/v2\/posts\/184107\/revisions"}],"wp:featuredmedia":[{"embeddable":true,"href":"https:\/\/www.europesays.com\/pt\/wp-json\/wp\/v2\/media\/184108"}],"wp:attachment":[{"href":"https:\/\/www.europesays.com\/pt\/wp-json\/wp\/v2\/media?parent=184107"}],"wp:term":[{"taxonomy":"category","embeddable":true,"href":"https:\/\/www.europesays.com\/pt\/wp-json\/wp\/v2\/categories?post=184107"},{"taxonomy":"post_tag","embeddable":true,"href":"https:\/\/www.europesays.com\/pt\/wp-json\/wp\/v2\/tags?post=184107"}],"curies":[{"name":"wp","href":"https:\/\/api.w.org\/{rel}","templated":true}]}}