{"id":184109,"date":"2025-12-11T13:31:18","date_gmt":"2025-12-11T13:31:18","guid":{"rendered":"https:\/\/www.europesays.com\/pt\/184109\/"},"modified":"2025-12-11T13:31:18","modified_gmt":"2025-12-11T13:31:18","slug":"eis-a-real-explicacao-foi-por-isto-que-pedro-recusou-o-quarto-secreto-com-liliana-tvi","status":"publish","type":"post","link":"https:\/\/www.europesays.com\/pt\/184109\/","title":{"rendered":"Eis a real explica\u00e7\u00e3o. Foi por isto que Pedro recusou o quarto secreto com Liliana &#8211; TVI"},"content":{"rendered":"<ol>\n<li><a href=\"https:\/\/news.google.com\/rss\/articles\/CBMi3AFBVV95cUxQNHIwa3dQSmdxWVRLTExKMmVHQk9oV25ZMjZ1NVltTmI4M2p1eDFSVzF4WXZmUTlnbjZZbi1wSl9sY3h6VXA3TkhJVVZLRXA3X19WQWhHTUlpUEdQandvLVB2MnpRV0FJY1RfZldrV2VBT2NPbkVGaVdDdEc4ZUpCNHBQal9zMUxKNzBxZnBJOEhNTi02eDB4U1cwTWU0TVZiSlY3bXhvWUR2U1ZpSUxUT0MxUnR0cUo2cDZhUU1MdUN3ZkVsdEJyS3QwRGxiZkwta19sdU1ZWTJMbGp4?oc=5\" target=\"_blank\" rel=\"nofollow noopener\">Eis a real explica\u00e7\u00e3o. Foi por isto que Pedro recusou o quarto secreto com Liliana<\/a>&nbsp;&nbsp;TVI<\/li>\n<li><a href=\"https:\/\/news.google.com\/rss\/articles\/CBMirAFBVV95cUxNVnBReFlLdjlFaTFGX29mX2s2ckk3Zmo1bXhqYV9lYWFzdHY4dDhkR3N1TEtzbWs0bDJJZXR0Zy15ZGs4SzAwWExnM1JnbmRnZV9TMWdaVk5HS0N5WlVpZFlrQXd3aVBPN0NUQUtBdFN0V0dyTUFBNGlIUXd0R05TdklYUEdseTBWRS1oM1NuN29HVXQwRk52NGFJZnN1Vm5VWGZqQ0VSczhQZ0hr?oc=5\" target=\"_blank\" rel=\"nofollow noopener\">Liliana e F\u00e1bio n\u00e3o perdoam Pedro pela forma como tratou Marisa: &#8220;Acabava logo a rela\u00e7\u00e3o&#8230;&#8221;<\/a>&nbsp;&nbsp;Hiper Fm<\/li>\n<li><a href=\"https:\/\/news.google.com\/rss\/articles\/CBMi5wFBVV95cUxOaHdjM0t1RTg5M1RLdlYwTVNEd2tKZGZTV1dHX2tvUXM0bTBNMWZBa0YyTTNsUWhlNTBGM3dXN1ozaEFlQ0ZrVE5EZ2x2eGNuV185T2FiMDBMOHlNLW9PREVaMklYV3hIQVpiSTZQODBmZjVjMzVQVUxJU0o4Sm1oaG9XdXpvcDc4NnhXWjZFZ3p4SDhycjhTMGFOd3pjNXNKRVhNemM5dEd0VktUb0d5V0VUUkdIdW9kYUdJYlFUdXRuQlVVbF9ORDU2c1JzbEV3QkxSS2JIcEFkb3RYZlZtb0Rha2dUSkk?oc=5\" target=\"_blank\" rel=\"nofollow noopener\">\u00abAcha que \u00e9 o dinheiro do namorado?\u00bb: In\u00eas n\u00e3o deixa nada por dizer sobre a rela\u00e7\u00e3o com Dylan<\/a>&nbsp;&nbsp;TVI<\/li>\n<li><a href=\"https:\/\/news.google.com\/rss\/articles\/CBMiwAFBVV95cUxPd2RmZjZEYlREYVB6S192VWdWQlhYUXVkNklaNlo4Ri1JcUowZTRnQXktVzBQUEc1ZU1TNVM1bUVYcFN6OVBwdGdBY0dSRnV5NHlhbFZPR2wxeE5DZzdZeHNGay1GdDZiUVAwSVY5UVNRd1FGU2RZUG9YdmZfSGR5MnV6Y3hfSWlZQ1JmYVRmM2xRLWtTRzVjUDNaRFhPbzlBNC1kcFRuTUxRQzN3bWRmRHRuSy0tV0x2TjdFRlhyQm0?oc=5\" target=\"_blank\" rel=\"nofollow noopener\">F\u00e1bio e Liliana em choque com a forma como Pedro Jorge tratou Marisa: \u201cA m\u00e3e dos meus filhos \u00e9 sagrada\u201d<\/a>&nbsp;&nbsp;Dioguinho<\/li>\n<li><a href=\"https:\/\/news.google.com\/rss\/articles\/CBMiugFBVV95cUxOaTQ0WTBvNHFjUE1tczZQS25NVDl0QlJFa1Z0SWFpWXh1bk9OUTRaak1NREhzXzJxV0ZyWXdXaGVpeVRwUU5kOTZWVF9WSnRJS2U5SFhNanhoZmlqWGFGTmdWbHBVaGZyQjZVSXo3ZElOQ21taFRURUtmMXFYZVQzN2FPUjZheXk3M01tM1ZsYWhxaEtzZ3JvNng4QmtXNUk5Qml6Qk1BbWV4VlVoaV9lal9CN3VMSXpNa3c?oc=5\" target=\"_blank\" rel=\"nofollow noopener\">Casa dos Segredos &#8211; Liliana &#8216;trama&#8217; Marisa e tira-lhe acesso \u00e0 corrida pelo passaporte para a final!<\/a>&nbsp;&nbsp;TV 7 Dias<\/li>\n<\/ol>\n","protected":false},"excerpt":{"rendered":"Eis a real explica\u00e7\u00e3o. Foi por isto que Pedro recusou o quarto secreto com Liliana&nbsp;&nbsp;TVI Liliana e F\u00e1bio&hellip;\n","protected":false},"author":2,"featured_media":184110,"comment_status":"","ping_status":"","sticky":false,"template":"","format":"standard","meta":{"footnotes":""},"categories":[142],"tags":[114,115,19033,19016,19034,14646,32,33,151,19032],"class_list":{"0":"post-184109","1":"post","2":"type-post","3":"status-publish","4":"format-standard","5":"has-post-thumbnail","7":"category-tv","8":"tag-entertainment","9":"tag-entretenimento","10":"tag-galas-em-video","11":"tag-liliana","12":"tag-melhores-momentos-casa-dos-segredos","13":"tag-pedro","14":"tag-portugal","15":"tag-pt","16":"tag-tv","17":"tag-videos-secret-story-tvi"},"share_on_mastodon":{"url":"https:\/\/pubeurope.com\/@pt\/115701186185921373","error":""},"_links":{"self":[{"href":"https:\/\/www.europesays.com\/pt\/wp-json\/wp\/v2\/posts\/184109","targetHints":{"allow":["GET"]}}],"collection":[{"href":"https:\/\/www.europesays.com\/pt\/wp-json\/wp\/v2\/posts"}],"about":[{"href":"https:\/\/www.europesays.com\/pt\/wp-json\/wp\/v2\/types\/post"}],"author":[{"embeddable":true,"href":"https:\/\/www.europesays.com\/pt\/wp-json\/wp\/v2\/users\/2"}],"replies":[{"embeddable":true,"href":"https:\/\/www.europesays.com\/pt\/wp-json\/wp\/v2\/comments?post=184109"}],"version-history":[{"count":0,"href":"https:\/\/www.europesays.com\/pt\/wp-json\/wp\/v2\/posts\/184109\/revisions"}],"wp:featuredmedia":[{"embeddable":true,"href":"https:\/\/www.europesays.com\/pt\/wp-json\/wp\/v2\/media\/184110"}],"wp:attachment":[{"href":"https:\/\/www.europesays.com\/pt\/wp-json\/wp\/v2\/media?parent=184109"}],"wp:term":[{"taxonomy":"category","embeddable":true,"href":"https:\/\/www.europesays.com\/pt\/wp-json\/wp\/v2\/categories?post=184109"},{"taxonomy":"post_tag","embeddable":true,"href":"https:\/\/www.europesays.com\/pt\/wp-json\/wp\/v2\/tags?post=184109"}],"curies":[{"name":"wp","href":"https:\/\/api.w.org\/{rel}","templated":true}]}}