{"id":184123,"date":"2025-12-11T13:40:33","date_gmt":"2025-12-11T13:40:33","guid":{"rendered":"https:\/\/www.europesays.com\/pt\/184123\/"},"modified":"2025-12-11T13:40:33","modified_gmt":"2025-12-11T13:40:33","slug":"hospital-s-francisco-xavier-confirma-que-corpo-encontrado-pela-policia-era-de-utente-que-entrou-na-urgencia-a-14-de-novembro","status":"publish","type":"post","link":"https:\/\/www.europesays.com\/pt\/184123\/","title":{"rendered":"Hospital S. Francisco Xavier confirma que corpo encontrado pela pol\u00edcia era de utente que entrou na urg\u00eancia a 14 de novembro"},"content":{"rendered":"<p>\u201cCom base na informa\u00e7\u00e3o que conseguimos apurar junto de fonte policial, esclarece-se que o corpo encontrado esta manh\u00e3 com pulseira do Hospital de S\u00e3o Francisco Xavier \u00e9 de um utente que deu entrada no Servi\u00e7o de Urg\u00eancia desta ULS no dia 14 de novembro\u201d. \u00c9 desta forma que a Unidade Local de Sa\u00fade Lisboa Ocidental (ULSLO), que integra a unidade hospitalar situada no Restelo, confirma ao final da tarde desta quarta-feira, dia 10,  em comunicado divulgado \u00e0s reda\u00e7\u00f5es, que o corpo encontrado por elementos da Divis\u00e3o de Investiga\u00e7\u00e3o Criminal (DIC) da PSP de Lisboa, nesta manh\u00e3, \u00e9 de um utente que \u201cfoi triado, observado e efetuou v\u00e1rios meios de diagn\u00f3stico e terap\u00eautica\u201d.<\/p>\n<p><strong>Na nota enviada, a ULSLO explica que no momento do epis\u00f3dio da urg\u00eancia o utente se \u201cencontrava orientado e aut\u00f3nomo \u2013 e por isso sem necessidade de pulseira de localiza\u00e7\u00e3o\u201d, acrescentando que &#8220;o facto de n\u00e3o responder a nova chamada para observa\u00e7\u00e3o&#8221; fez &#8220;os servi\u00e7os tentarem contactar telefonicamente o utente e o contacto de refer\u00eancia, mas sem sucesso. Perante isso, foi feita notifica\u00e7\u00e3o junto da PSP e foi considerado o abandono do SU pelo utente\u201d.<\/strong> <\/p>\n<p>A ULSLO, que lamenta esta morte, \u201cassegura que desenvolveu todos os esfor\u00e7os, do ponto de vista assistencial e processual, para dar a resposta adequada a esta situa\u00e7\u00e3o\u201d.<\/p>\n<p><strong>O DN sabe que a Inspe\u00e7\u00e3o-Geral das Atividades em Sa\u00fade j\u00e1 solicitou ao hospital mais informa\u00e7\u00f5es sobre o caso para decidir se abre um processo de inqu\u00e9rito ao caso.<\/strong>  <\/p>\n<p><strong>Da parte da PSP, sabe-se que o alerta sobre esta situa\u00e7\u00e3o foi dado \u00e0s 11:15, quando os elementos da DIC, que se encontravam a fazer servi\u00e7o de manuten\u00e7\u00e3o (mudan\u00e7a de l\u00e2mpadas), se depararam com o corpo junto \u00e0 Estrada do Forte do Duque, que ladeia o hospital em causa. A PSP isolou o local, comunicando o caso \u00e0 PJ para investigar a identidade da v\u00edtima e as circunst\u00e2ncias da morte.<\/strong><\/p>\n<p>O corpo foi levado para o Instituto Nacional de Medicina Legal. As autoridades aguardam agora os resultados da aut\u00f3psia para esclarecer se existe ou n\u00e3o suspeita de crime.<\/p>\n<p>Recorde-se que este \u00e9 um segundo caso em que o corpo de um utente que esteve na urg\u00eancia \u00e9 encontrado nas imedia\u00e7\u00f5es do hospital. H\u00e1 um ano, precisamente a 12 de dezembro de 2024, no mesmo hospital, Avelina Ferreira, de 73 anos, que sofria de dem\u00eancia, deu entrada no mesmo servi\u00e7o de urg\u00eancia. O marido foi impedido de a acompanhar e a mulher acabou por sair horas depois do servi\u00e7o,  pelo pr\u00f3prio p\u00e9, sem que ningu\u00e9m se tivesse apercebido. S\u00f3 horas mais tarde, foi dado a conhecer \u00e0 fam\u00edlia o desaparecimento da utente, cujo corpo s\u00f3 veio a ser encontrado em estado de decomposi\u00e7\u00e3o na mata junto ao Col\u00e9gio de S\u00e3o Jos\u00e9, sediado junto ao hospital, dois meses depois, a 26 de fevereiro. <\/p>\n","protected":false},"excerpt":{"rendered":"\u201cCom base na informa\u00e7\u00e3o que conseguimos apurar junto de fonte policial, esclarece-se que o corpo encontrado esta manh\u00e3&hellip;\n","protected":false},"author":2,"featured_media":184124,"comment_status":"","ping_status":"","sticky":false,"template":"","format":"standard","meta":{"footnotes":""},"categories":[10],"tags":[27,28,3570,15,16,14,37502,25,26,21,22,1437,12,13,19,20,32,23,24,33,112,17,18,29,30,31,37501],"class_list":{"0":"post-184123","1":"post","2":"type-post","3":"status-publish","4":"format-standard","5":"has-post-thumbnail","7":"category-portugal","8":"tag-breaking-news","9":"tag-breakingnews","10":"tag-corpo","11":"tag-featured-news","12":"tag-featurednews","13":"tag-headlines","14":"tag-hospital-sao-francisco-xavier","15":"tag-latest-news","16":"tag-latestnews","17":"tag-main-news","18":"tag-mainnews","19":"tag-morte","20":"tag-news","21":"tag-noticias","22":"tag-noticias-principais","23":"tag-noticiasprincipais","24":"tag-portugal","25":"tag-principais-noticias","26":"tag-principaisnoticias","27":"tag-pt","28":"tag-pulseira","29":"tag-top-stories","30":"tag-topstories","31":"tag-ultimas","32":"tag-ultimas-noticias","33":"tag-ultimasnoticias","34":"tag-utentes"},"share_on_mastodon":{"url":"https:\/\/pubeurope.com\/@pt\/115701221316920145","error":""},"_links":{"self":[{"href":"https:\/\/www.europesays.com\/pt\/wp-json\/wp\/v2\/posts\/184123","targetHints":{"allow":["GET"]}}],"collection":[{"href":"https:\/\/www.europesays.com\/pt\/wp-json\/wp\/v2\/posts"}],"about":[{"href":"https:\/\/www.europesays.com\/pt\/wp-json\/wp\/v2\/types\/post"}],"author":[{"embeddable":true,"href":"https:\/\/www.europesays.com\/pt\/wp-json\/wp\/v2\/users\/2"}],"replies":[{"embeddable":true,"href":"https:\/\/www.europesays.com\/pt\/wp-json\/wp\/v2\/comments?post=184123"}],"version-history":[{"count":0,"href":"https:\/\/www.europesays.com\/pt\/wp-json\/wp\/v2\/posts\/184123\/revisions"}],"wp:featuredmedia":[{"embeddable":true,"href":"https:\/\/www.europesays.com\/pt\/wp-json\/wp\/v2\/media\/184124"}],"wp:attachment":[{"href":"https:\/\/www.europesays.com\/pt\/wp-json\/wp\/v2\/media?parent=184123"}],"wp:term":[{"taxonomy":"category","embeddable":true,"href":"https:\/\/www.europesays.com\/pt\/wp-json\/wp\/v2\/categories?post=184123"},{"taxonomy":"post_tag","embeddable":true,"href":"https:\/\/www.europesays.com\/pt\/wp-json\/wp\/v2\/tags?post=184123"}],"curies":[{"name":"wp","href":"https:\/\/api.w.org\/{rel}","templated":true}]}}