{"id":184125,"date":"2025-12-11T13:41:51","date_gmt":"2025-12-11T13:41:51","guid":{"rendered":"https:\/\/www.europesays.com\/pt\/184125\/"},"modified":"2025-12-11T13:41:51","modified_gmt":"2025-12-11T13:41:51","slug":"estados-unidos-querem-pedir-historico-de-redes-sociais-a-turistas-antes-de-entrarem-no-pais","status":"publish","type":"post","link":"https:\/\/www.europesays.com\/pt\/184125\/","title":{"rendered":"Estados Unidos querem pedir hist\u00f3rico de redes sociais a turistas antes de entrarem no pa\u00eds"},"content":{"rendered":"<p>Turistas que viajem para os <a href=\"https:\/\/expresso.pt\/internacional\/eua\" target=\"_blank\" rel=\"noopener noreferrer nofollow\">Estados Unidos<\/a> (EUA) poder\u00e3o ter de vir a apresentar o hist\u00f3rico dos \u00faltimos cinco anos das suas redes sociais para que possam entrar no pa\u00eds, revela uma nova proposta divulgada pelas autoridades americanas, avan\u00e7a a <a href=\"https:\/\/www.bbc.com\/news\/articles\/c1dz0g2ykpeo\" rel=\"nofollow noopener\" target=\"_blank\">BBC<\/a>.<\/p>\n<p>A proposta, que partiu da Alf\u00e2ndega e Prote\u00e7\u00e3o de Fronteiras (CBP, na sigla em ingl\u00eas) e do <a href=\"https:\/\/expresso.pt\/internacional\/eua\/2024-07-17-departamento-de-seguranca-interna-dos-eua-investiga-servico-secreto-apos-atentado-a-trump-1530f865\" target=\"_blank\" rel=\"noopener noreferrer nofollow\">Departamento de Seguran\u00e7a Interna<\/a> dos EUA (DHS), destina-se aos cidad\u00e3os dos mais de 40 pa\u00edses onde \u00e9 permitido viajar para os EUA por 90 dias atrav\u00e9s do Sistema Eletr\u00f3nico de Autoriza\u00e7\u00e3o de Viagem (ESTA), sem necessidade de visto, nos quais Portugal est\u00e1 inclu\u00eddo.<\/p>\n<p>A proposta refere a <a href=\"https:\/\/expresso.pt\/internacional\/eua\/2025-01-20-trump-promete-acabar-com-a-invasao-das-fronteiras-e-agir-com-uma-forca-sem-precedentes.-tem-100-ordens-executivas-prontas-a-avancar-cf4f2483\" target=\"_blank\" rel=\"noopener noreferrer nofollow\">ordem executiva<\/a> \u201cProteger os Estados Unidos de terroristas estrangeiros e outras amea\u00e7as \u00e0 seguran\u00e7a nacional e \u00e0 seguran\u00e7a p\u00fablica\u201d, lan\u00e7ada em janeiro pelo Presidente norte-americano Donald Trump e, al\u00e9m das novas condi\u00e7\u00f5es no que toca \u00e0s redes sociais, visa tamb\u00e9m a recolha de informa\u00e7\u00f5es sobre os n\u00fameros de telem\u00f3vel e e-mails utilizados pelo candidato, assim como dados sobre os familiares. Est\u00e1 aberta \u00e0 consulta p\u00fablica durante 60 dias.<\/p>\n<p>A <a href=\"https:\/\/expresso.pt\/internacional\/eua\/2025-12-09-trump-volta-a-enviar-recados-a-europa-imigracao-e-politicas-internas-podem-tornar-o-continente-irreconhecivel-8f828ba3\" target=\"_blank\" rel=\"noopener noreferrer nofollow\">administra\u00e7\u00e3o Trump<\/a> j\u00e1 tinha obrigado que os candidatos ao visto de estudante ou a vistos H1B (destinados a trabalhadores estrangeiros especializados, modelos e pessoas envolvidas no Departamento de Defesa) tenham as suas contas p\u00fablicas nas redes sociais, pelo que as autoridades t\u00eam ordens para identificar todos aqueles \u201cque defendem, auxiliam ou apoiam terroristas estrangeiros e outras amea\u00e7as \u00e0 seguran\u00e7a nacional; ou que perpetram ass\u00e9dio ou viol\u00eancia antissemita ilegais&#8221;.<\/p>\n<p>Numa altura em que os Estados Unidos se preparam para receber um grande fluxo de turistas, vindos de v\u00e1rios pa\u00edses para assistir ao <a href=\"https:\/\/tribuna.expresso.pt\/mundial-2026\/2025-12-07-fifa-da-premio-da-paz-a-trump-e-expoe-as-suas-contradicoes-quando-o-futebol-decidiu-ser-politico-e-quando-fingiu-que-nao-era-a619677e\" target=\"_blank\" rel=\"noopener noreferrer nofollow\">Campeonato do Mundo<\/a> de futebol masculino e aos <a href=\"https:\/\/tribuna.expresso.pt\/revista-de-imprensa\/2017-08-01-Los-Angeles-organiza-Jogos-Olimpicos-de-2028-Paris-recebe-edicao-de-2024\" target=\"_blank\" rel=\"noopener noreferrer nofollow\">Jogos Ol\u00edmpicos de 2028<\/a> que acontecer\u00e3o em Los Angeles, analistas consultados pela BBC alertam que este novo plano pode representar um obst\u00e1culo para potenciais visitantes ou prejudicar os seus direitos digitais.<\/p>\n<p>Texto escrito por Andr\u00e9 Sousa e editado por Mafalda Ganh\u00e3o<\/p>\n","protected":false},"excerpt":{"rendered":"Turistas que viajem para os Estados Unidos (EUA) poder\u00e3o ter de vir a apresentar o hist\u00f3rico dos \u00faltimos&hellip;\n","protected":false},"author":2,"featured_media":184126,"comment_status":"","ping_status":"","sticky":false,"template":"","format":"standard","meta":{"footnotes":""},"categories":[8],"tags":[27,28,15,16,14,25,26,21,22,12,13,19,20,32,23,24,33,17,18,29,30,31],"class_list":{"0":"post-184125","1":"post","2":"type-post","3":"status-publish","4":"format-standard","5":"has-post-thumbnail","7":"category-principais-noticias","8":"tag-breaking-news","9":"tag-breakingnews","10":"tag-featured-news","11":"tag-featurednews","12":"tag-headlines","13":"tag-latest-news","14":"tag-latestnews","15":"tag-main-news","16":"tag-mainnews","17":"tag-news","18":"tag-noticias","19":"tag-noticias-principais","20":"tag-noticiasprincipais","21":"tag-portugal","22":"tag-principais-noticias","23":"tag-principaisnoticias","24":"tag-pt","25":"tag-top-stories","26":"tag-topstories","27":"tag-ultimas","28":"tag-ultimas-noticias","29":"tag-ultimasnoticias"},"share_on_mastodon":{"url":"https:\/\/pubeurope.com\/@pt\/115701228703310620","error":""},"_links":{"self":[{"href":"https:\/\/www.europesays.com\/pt\/wp-json\/wp\/v2\/posts\/184125","targetHints":{"allow":["GET"]}}],"collection":[{"href":"https:\/\/www.europesays.com\/pt\/wp-json\/wp\/v2\/posts"}],"about":[{"href":"https:\/\/www.europesays.com\/pt\/wp-json\/wp\/v2\/types\/post"}],"author":[{"embeddable":true,"href":"https:\/\/www.europesays.com\/pt\/wp-json\/wp\/v2\/users\/2"}],"replies":[{"embeddable":true,"href":"https:\/\/www.europesays.com\/pt\/wp-json\/wp\/v2\/comments?post=184125"}],"version-history":[{"count":0,"href":"https:\/\/www.europesays.com\/pt\/wp-json\/wp\/v2\/posts\/184125\/revisions"}],"wp:featuredmedia":[{"embeddable":true,"href":"https:\/\/www.europesays.com\/pt\/wp-json\/wp\/v2\/media\/184126"}],"wp:attachment":[{"href":"https:\/\/www.europesays.com\/pt\/wp-json\/wp\/v2\/media?parent=184125"}],"wp:term":[{"taxonomy":"category","embeddable":true,"href":"https:\/\/www.europesays.com\/pt\/wp-json\/wp\/v2\/categories?post=184125"},{"taxonomy":"post_tag","embeddable":true,"href":"https:\/\/www.europesays.com\/pt\/wp-json\/wp\/v2\/tags?post=184125"}],"curies":[{"name":"wp","href":"https:\/\/api.w.org\/{rel}","templated":true}]}}