{"id":184127,"date":"2025-12-11T13:42:10","date_gmt":"2025-12-11T13:42:10","guid":{"rendered":"https:\/\/www.europesays.com\/pt\/184127\/"},"modified":"2025-12-11T13:42:10","modified_gmt":"2025-12-11T13:42:10","slug":"tati-machado-reage-a-criticas-por-look-em-premio-nem-sempre-e-facil","status":"publish","type":"post","link":"https:\/\/www.europesays.com\/pt\/184127\/","title":{"rendered":"Tati Machado reage a cr\u00edticas por look em pr\u00eamio: &#8216;Nem sempre \u00e9 f\u00e1cil&#8217;"},"content":{"rendered":"<p>\n                        Mesmo dividindo opini\u00f5es, ela contou que \u00e9 gratificante poder inspirar outras mulheres a mostrarem o corpo\n                    <\/p>\n<ul class=\"article__header__author\">\n<li class=\"article__header__author__item\">\n                                                                                    <img loading=\"lazy\" decoding=\"async\" src=\"https:\/\/www.europesays.com\/pt\/wp-content\/uploads\/2025\/11\/microsoftteams-image-(23)-1jy7orqt0u4hi.png\" width=\"32\" height=\"32\" title=\"Reda\u00e7\u00e3o Terra\" alt=\"Reda\u00e7\u00e3o Terra\" class=\"author-picture\"\/><br \/>\n                                                                            Por:<br \/>\n                                                                                    Reda\u00e7\u00e3o Terra\n                                                                        <\/li>\n<\/ul>\n<p>\n                                    11 dez<br \/>\n                                    2025<br \/>\n                                     &#8211; 08h05\n                                <\/p>\n<p>\n                                                                                                                        (atualizado \u00e0s 08h14)\n                                                                            <\/p>\n<p>\n                        <b style=\"margin-bottom: 8px; display: inline-block;\">Resumo<\/b><br \/>A apresentadora Tati Machado destacou a import\u00e2ncia da autoestima ao rebater cr\u00edticas sobre seu look no Pr\u00eamio Multishow, celebrado por inspirar a aceita\u00e7\u00e3o e representar mulheres com corpos diversos na m\u00eddia.\n                    <\/p>\n<p><img loading=\"lazy\" decoding=\"async\" alt=\"Tati Machado, apresentadora\" class=\"img-7705c5e18d6585d15b75e99d8b1fa9detlx5nrjz\" height=\"516\" src=\"https:\/\/www.europesays.com\/pt\/wp-content\/uploads\/2025\/12\/inserir-um-titulo-(9)-ts4p7qivazap.jpg\"  title=\"Tati Machado, apresentadora\" width=\"774\"\/><\/p>\n<p>Tati Machado, apresentadora<\/p>\n<p>Foto: Reprodu\u00e7\u00e3o | Instagram<\/p>\n<p class=\"text\">A apresentadora <a href=\"https:\/\/www.terra.com.br\/diversao\/gente\/ana-maria-convoca-tati-machado-para-assumir-urgente-programa-ao-vivo-por-motivo-inusitado,d0643998c4d6f8d4baf42a3420529365onvns6up.html\" rel=\"nofollow noopener\" target=\"_blank\">Tati Machado, de 34 anos<\/a>, marcou presen\u00e7a no Pr\u00eamio Multishow na ter\u00e7a-feira, 9, no Rio de Janeiro. Nas redes sociais, o look escolhido pela artista dividiu opini\u00f5es. Em declara\u00e7\u00e3o concedida \u00e0 imprensa, ela rebateu as cr\u00edticas: \u201cMe sinto bonita, gostosa, e \u00e9 isso\u201d, afirmou ao jornal Folha de S.Paulo.<\/p>\n<blockquote>\n<\/blockquote>\n<p class=\"text\">\u201cNem sempre \u00e9 f\u00e1cil sentir autoestima. Eu n\u00e3o tenho costume de botar o bra\u00e7o de fora, mas falei para mim mesma: \u2018Quer saber, Tati? Bota o bra\u00e7o de fora mesmo, bota o peit\u00e3o pra jogo, \u00e9 seu corpo\u2019\u201d, disse ela sobre o vestido vermelho, justo e sem al\u00e7a.<\/p>\n<p class=\"text\">Em seguida,\u00a0<a href=\"https:\/\/www.terra.com.br\/diversao\/gente\/tati-machado-diz-que-se-entendeu-como-mulher-gorda-com-trabalho-na-tv-tem-quem-se-inspire-em-mim,b6c28ae3985ac4af90c14fc60291832dphfz1zra.html\" rel=\"nofollow noopener\" target=\"_blank\">Tati Machado<\/a> explicou que a escolha foi uma sugest\u00e3o de seu stylist, Thiago Cetra, que insistiu para que ela se arriscasse em algo que mostrasse mais o corpo. \u201cEu fico insegura, mas pensei: \u2018Vou botar mesmo\u2019. Coloquei tamb\u00e9m os \u2018pern\u00e3o\u2019 pra fora (risos).\u201d<\/p>\n<p class=\"text\">Para <a href=\"https:\/\/www.terra.com.br\/diversao\/gente\/tati-machado-chora-ao-relembrar-perda-do-filho-e-e-consolada-por-colegas-na-tv-maior-sonho-interrompido,6666a2f201e893366e9d015f3d12814du3b6zlle.html\" rel=\"nofollow noopener\" target=\"_blank\">Tati Machado<\/a>, mesmo que o look tenha dividido opini\u00f5es, \u00e9 gratificante poder inspirar outras mulheres a se sentirem confiantes. \u201c\u00c9 pesado receber esse t\u00edtulo, porque a gente, na vida, n\u00e3o \u00e9 100% certinha nem 100% errada; somos um misto de coisas. Mas carrego isso com amor e carinho, porque a gente quer se ver mais na televis\u00e3o. No Brasil, temos mulheres com um corpo muito mais parecido com o meu do que completamente chapado.\u201d<\/p>\n<p class=\"text\">Em seguida, ela continua: \u201cQuando comecei, nem eu sabia o tamanho que isso podia tomar. Que bom que hoje me sinto representando pessoas, mas tamb\u00e9m aprendendo a me amar e me aceitar. \u00c9 uma troca muito verdadeira. Hoje, com o poder das redes, a gente v\u00ea muitas mulheres poderosas. Fa\u00e7o quest\u00e3o de seguir, comentar, curtir\u201d, disse. \u201cA gente vai se ajudando \u2014 juntas, somos mais fortes.\u201d<\/p>\n<blockquote class=\"instagram-media\" data-instgrm-captioned=\"\" data-instgrm-permalink=\"https:\/\/www.instagram.com\/p\/DSEUBDSjQQQ\/?utm_source=ig_embed&amp;utm_campaign=loading\" data-instgrm-version=\"14\" style=\" background:#FFF; border:0; border-radius:3px; box-shadow:0 0 1px 0 rgba(0,0,0,0.5),0 1px 10px 0 rgba(0,0,0,0.15); margin: 1px; max-width:540px; min-width:326px; padding:0; width:99.375%; width:-webkit-calc(100% - 2px); width:calc(100% - 2px);\">\n<\/blockquote>\n<p>                            <script async src=\"\/\/www.instagram.com\/embed.js\"><\/script><\/p>\n","protected":false},"excerpt":{"rendered":"Mesmo dividindo opini\u00f5es, ela contou que \u00e9 gratificante poder inspirar outras mulheres a mostrarem o corpo Por: Reda\u00e7\u00e3o&hellip;\n","protected":false},"author":2,"featured_media":184128,"comment_status":"","ping_status":"","sticky":false,"template":"","format":"standard","meta":{"footnotes":""},"categories":[145],"tags":[211,210,114,115,32,33],"class_list":{"0":"post-184127","1":"post","2":"type-post","3":"status-publish","4":"format-standard","5":"has-post-thumbnail","7":"category-celebridades","8":"tag-celebridades","9":"tag-celebrities","10":"tag-entertainment","11":"tag-entretenimento","12":"tag-portugal","13":"tag-pt"},"share_on_mastodon":{"url":"https:\/\/pubeurope.com\/@pt\/115701229107066819","error":""},"_links":{"self":[{"href":"https:\/\/www.europesays.com\/pt\/wp-json\/wp\/v2\/posts\/184127","targetHints":{"allow":["GET"]}}],"collection":[{"href":"https:\/\/www.europesays.com\/pt\/wp-json\/wp\/v2\/posts"}],"about":[{"href":"https:\/\/www.europesays.com\/pt\/wp-json\/wp\/v2\/types\/post"}],"author":[{"embeddable":true,"href":"https:\/\/www.europesays.com\/pt\/wp-json\/wp\/v2\/users\/2"}],"replies":[{"embeddable":true,"href":"https:\/\/www.europesays.com\/pt\/wp-json\/wp\/v2\/comments?post=184127"}],"version-history":[{"count":0,"href":"https:\/\/www.europesays.com\/pt\/wp-json\/wp\/v2\/posts\/184127\/revisions"}],"wp:featuredmedia":[{"embeddable":true,"href":"https:\/\/www.europesays.com\/pt\/wp-json\/wp\/v2\/media\/184128"}],"wp:attachment":[{"href":"https:\/\/www.europesays.com\/pt\/wp-json\/wp\/v2\/media?parent=184127"}],"wp:term":[{"taxonomy":"category","embeddable":true,"href":"https:\/\/www.europesays.com\/pt\/wp-json\/wp\/v2\/categories?post=184127"},{"taxonomy":"post_tag","embeddable":true,"href":"https:\/\/www.europesays.com\/pt\/wp-json\/wp\/v2\/tags?post=184127"}],"curies":[{"name":"wp","href":"https:\/\/api.w.org\/{rel}","templated":true}]}}