{"id":184138,"date":"2025-12-11T13:50:23","date_gmt":"2025-12-11T13:50:23","guid":{"rendered":"https:\/\/www.europesays.com\/pt\/184138\/"},"modified":"2025-12-11T13:50:23","modified_gmt":"2025-12-11T13:50:23","slug":"alertas-extras-da-semana-para-os-signos-de-aries-touro-gemeos-e-cancer-ate-14-de-dezembro-de-2025-metro-world-news-brasil","status":"publish","type":"post","link":"https:\/\/www.europesays.com\/pt\/184138\/","title":{"rendered":"Alertas extras da semana para os signos de \u00c1ries, Touro, G\u00eameos e C\u00e2ncer at\u00e9 14 de dezembro de 2025 \u2013 Metro World News Brasil"},"content":{"rendered":"<p class=\"c-paragraph\">Chegamos ao meio da semana e \u00e9 momento de receber alguns alertas extas para finalizar da melhor forma poss\u00edvel.<\/p>\n<p class=\"c-paragraph\"><b>Confira a seguir:<\/b><\/p>\n<p class=\"c-paragraph\"><b>\u00c1ries<\/b><\/p>\n<p class=\"c-paragraph\">Tenha coragem a encerrar situa\u00e7\u00f5es que o sobrecarregam, pois \u00e9 preciso organizar todo o seu emocional e tomar decis\u00f5es que devolvam sua verdadeira liberdade. Mesmo cansado, voc\u00ea \u00e9 capaz de recuperar sua for\u00e7a interior. <\/p>\n<p class=\"c-paragraph\"><b>Touro<\/b><\/p>\n<p class=\"c-paragraph\">Semana para proteger sua energia e manter a clareza mental. Evite fofocas; algu\u00e9m pode espalhar hist\u00f3rias falsas ou monitorar seus movimentos. N\u00e3o se complique mais e se liberte de fardos emocionais. <\/p>\n<p class=\"c-paragraph\"><b>G\u00eameos<\/b><\/p>\n<p class=\"c-paragraph\">Conversas importantes, informa\u00e7\u00f5es reveladas e necessidade de fortalecer o seu interior. Se afaste de grupos ou coment\u00e1rios que o envolvem involuntariamente em problemas. N\u00e3o se deixe afetar mais por coisas exteriores.<\/p>\n<p class=\"c-paragraph\"><b>C\u00e2ncer<\/b><\/p>\n<p class=\"c-paragraph\">Uma resposta trar\u00e1 al\u00edvio e a energia de mudan\u00e7a e renova\u00e7\u00e3o est\u00e1 ativada, o impulsionando voc\u00ea a reorganizar sua vida emocional e material. Seu cora\u00e7\u00e3o deve se abrir para o perd\u00e3o e a clareza, por mais que seja dif\u00edcil. <\/p>\n","protected":false},"excerpt":{"rendered":"Chegamos ao meio da semana e \u00e9 momento de receber alguns alertas extas para finalizar da melhor forma&hellip;\n","protected":false},"author":2,"featured_media":17360,"comment_status":"","ping_status":"","sticky":false,"template":"","format":"standard","meta":{"footnotes":""},"categories":[85],"tags":[4484,114,115,37504,32,33,2474],"class_list":{"0":"post-184138","1":"post","2":"type-post","3":"status-publish","4":"format-standard","5":"has-post-thumbnail","7":"category-entretenimento","8":"tag-alertas-extras-da-semana-para-os-signos-de-aries","9":"tag-entertainment","10":"tag-entretenimento","11":"tag-gemeos-e-cancer-ate-14-de-dezembro-de-2025","12":"tag-portugal","13":"tag-pt","14":"tag-touro"},"share_on_mastodon":{"url":"","error":""},"_links":{"self":[{"href":"https:\/\/www.europesays.com\/pt\/wp-json\/wp\/v2\/posts\/184138","targetHints":{"allow":["GET"]}}],"collection":[{"href":"https:\/\/www.europesays.com\/pt\/wp-json\/wp\/v2\/posts"}],"about":[{"href":"https:\/\/www.europesays.com\/pt\/wp-json\/wp\/v2\/types\/post"}],"author":[{"embeddable":true,"href":"https:\/\/www.europesays.com\/pt\/wp-json\/wp\/v2\/users\/2"}],"replies":[{"embeddable":true,"href":"https:\/\/www.europesays.com\/pt\/wp-json\/wp\/v2\/comments?post=184138"}],"version-history":[{"count":0,"href":"https:\/\/www.europesays.com\/pt\/wp-json\/wp\/v2\/posts\/184138\/revisions"}],"wp:featuredmedia":[{"embeddable":true,"href":"https:\/\/www.europesays.com\/pt\/wp-json\/wp\/v2\/media\/17360"}],"wp:attachment":[{"href":"https:\/\/www.europesays.com\/pt\/wp-json\/wp\/v2\/media?parent=184138"}],"wp:term":[{"taxonomy":"category","embeddable":true,"href":"https:\/\/www.europesays.com\/pt\/wp-json\/wp\/v2\/categories?post=184138"},{"taxonomy":"post_tag","embeddable":true,"href":"https:\/\/www.europesays.com\/pt\/wp-json\/wp\/v2\/tags?post=184138"}],"curies":[{"name":"wp","href":"https:\/\/api.w.org\/{rel}","templated":true}]}}