{"id":184157,"date":"2025-12-11T14:05:09","date_gmt":"2025-12-11T14:05:09","guid":{"rendered":"https:\/\/www.europesays.com\/pt\/184157\/"},"modified":"2025-12-11T14:05:09","modified_gmt":"2025-12-11T14:05:09","slug":"revolucao-a-vista-o-onze-provavel-do-fc-porto-para-a-rececao-ao-malmo","status":"publish","type":"post","link":"https:\/\/www.europesays.com\/pt\/184157\/","title":{"rendered":"Revolu\u00e7\u00e3o \u00e0 vista: o onze prov\u00e1vel do FC Porto para a rece\u00e7\u00e3o ao Malm\u00f6"},"content":{"rendered":"<p style=\"margin-bottom:11px\">Francesco Farioli dever\u00e1 aproveitar a rece\u00e7\u00e3o aos suecos do Malm\u00f6 para revolucionar o \u201conze\u201d do FC Porto, depois da <a href=\"https:\/\/maisfutebol.iol.pt\/fc-porto\/jogos\/1574\" rel=\"nofollow noopener\" target=\"_blank\">vit\u00f3ria em Tondela (2-0) e antes da rece\u00e7\u00e3o ao Estrela da Amadora, na segunda-feira (20h45)<\/a>. Para a noite desta quinta-feira, o treinador do FC Porto apenas dever\u00e1 manter Diogo Costa, Bednarek, Rodrigo Mora e William Gomes entre os titulares.<\/p>\n<p>De recordar que os portistas n\u00e3o contam com os lesionados Nehu\u00e9n\u00a0P\u00e9rez e Luuk\u00a0de Jong, sendo que <a href=\"https:\/\/maisfutebol.iol.pt\/fc-porto\/liga-europa\/farioli-gabri-veiga-teve-um-problema-nao-esta-convocado-para-o-malmo\" rel=\"nofollow noopener\" target=\"_blank\">a recupera\u00e7\u00e3o de Gabri Veiga n\u00e3o correu como esperado, como revelou Farioli<\/a>, pelo que o espanhol n\u00e3o vai a jogo nesta quinta-feira.\u00a0<\/p>\n<p><a href=\"https:\/\/maisfutebol.iol.pt\/fotogaleria\/693a97ddd34e2bd5c6d4f8a6\/fotos-o-onze-provavel-do-fc-porto-para-a-rececao-ao-malmo\" rel=\"nofollow noopener\" target=\"_blank\"><strong>Confira o onze prov\u00e1vel do FC Porto na galeria associada.<\/strong><\/a><\/p>\n<p>Quanto ao Malm\u00f6, os suecos devem apresentar Melker Ellborg na baliza, protegido pelo quarteto defensivo: Stryger Larsen, Pontus Jansson, Djuric e Busanello. No meio-campo dever\u00e3o estar Skogmar, Kenan Busuladzic e Lasse Johnsen. Por \u00faltimo, Emmanuel Ekong, Gudjohnsen e Sead Haksabanovic s\u00e3o habituais protagonistas no ataque.<\/p>\n<p>Destaque no emblema sueco para Dan\u00edel Gudjohnsen, internacional island\u00eas nascido em Espanha, em 2006, quando o pai \u2013 Eidur Gudjohnsen \u2013 representava o Barcelona. Antes, entre 2000 e 2006, o antigo avan\u00e7ado jogou no Chelsea, onde trabalhou com Jos\u00e9 Mourinho. Ora, Dan\u00edel Gudjohnsen, de 19 anos, leva 10 golos e sete assist\u00eancias em 33 jogos neste ano, sendo figura central no Malm\u00f6.<\/p>\n<p>O <a href=\"https:\/\/maisfutebol.iol.pt\/resultadoseclassificacoes\/399\/132\/Europa\/Liga-Europa\" rel=\"nofollow noopener\" target=\"_blank\">FC Porto ocupa o oitavo posto da Liga Europa, com nove pontos<\/a>, igualado com Sp. Braga (7.\u00ba) e Genk (9.\u00ba), a dois pontos dos l\u00edderes Lyon Midtjylland e Aston Villa. O Malm\u00f6 leva um ponto no 34.\u00ba lugar e <a href=\"https:\/\/maisfutebol.iol.pt\/jogo\/fc-porto\/malmo\/13830276\" rel=\"nofollow noopener\" target=\"_blank\">visita o Drag\u00e3o na noite desta quinta-feira<\/a> (20h), num encontro para acompanhar, ao minuto, no <strong>Maisfutebol<\/strong>.<\/p>\n","protected":false},"excerpt":{"rendered":"Francesco Farioli dever\u00e1 aproveitar a rece\u00e7\u00e3o aos suecos do Malm\u00f6 para revolucionar o \u201conze\u201d do FC Porto, depois&hellip;\n","protected":false},"author":2,"featured_media":184158,"comment_status":"","ping_status":"","sticky":false,"template":"","format":"standard","meta":{"footnotes":""},"categories":[87],"tags":[135,282,137,46,27894,7689,462,32,33,47,134],"class_list":{"0":"post-184157","1":"post","2":"type-post","3":"status-publish","4":"format-standard","5":"has-post-thumbnail","7":"category-desporto","8":"tag-desporto","9":"tag-fc-porto","10":"tag-liga-europa","11":"tag-maisfutebol","12":"tag-malmo","13":"tag-onzes-provaveis","14":"tag-porto","15":"tag-portugal","16":"tag-pt","17":"tag-pura-paixao","18":"tag-sports"},"share_on_mastodon":{"url":"https:\/\/pubeurope.com\/@pt\/115701319530950359","error":""},"_links":{"self":[{"href":"https:\/\/www.europesays.com\/pt\/wp-json\/wp\/v2\/posts\/184157","targetHints":{"allow":["GET"]}}],"collection":[{"href":"https:\/\/www.europesays.com\/pt\/wp-json\/wp\/v2\/posts"}],"about":[{"href":"https:\/\/www.europesays.com\/pt\/wp-json\/wp\/v2\/types\/post"}],"author":[{"embeddable":true,"href":"https:\/\/www.europesays.com\/pt\/wp-json\/wp\/v2\/users\/2"}],"replies":[{"embeddable":true,"href":"https:\/\/www.europesays.com\/pt\/wp-json\/wp\/v2\/comments?post=184157"}],"version-history":[{"count":0,"href":"https:\/\/www.europesays.com\/pt\/wp-json\/wp\/v2\/posts\/184157\/revisions"}],"wp:featuredmedia":[{"embeddable":true,"href":"https:\/\/www.europesays.com\/pt\/wp-json\/wp\/v2\/media\/184158"}],"wp:attachment":[{"href":"https:\/\/www.europesays.com\/pt\/wp-json\/wp\/v2\/media?parent=184157"}],"wp:term":[{"taxonomy":"category","embeddable":true,"href":"https:\/\/www.europesays.com\/pt\/wp-json\/wp\/v2\/categories?post=184157"},{"taxonomy":"post_tag","embeddable":true,"href":"https:\/\/www.europesays.com\/pt\/wp-json\/wp\/v2\/tags?post=184157"}],"curies":[{"name":"wp","href":"https:\/\/api.w.org\/{rel}","templated":true}]}}