{"id":184159,"date":"2025-12-11T14:06:11","date_gmt":"2025-12-11T14:06:11","guid":{"rendered":"https:\/\/www.europesays.com\/pt\/184159\/"},"modified":"2025-12-11T14:06:11","modified_gmt":"2025-12-11T14:06:11","slug":"cha-de-casca-de-banana-vira-trend-com-promessa-de-emagrecimento","status":"publish","type":"post","link":"https:\/\/www.europesays.com\/pt\/184159\/","title":{"rendered":"Ch\u00e1 de casca de banana vira trend com promessa de emagrecimento"},"content":{"rendered":"<p>A moda do ch\u00e1 de casca de banana est\u00e1 tomando conta das redes sociais e gerando muitas d\u00favidas: ser\u00e1 que este ingrediente que normalmente jogamos fora tem mesmo benef\u00edcios ou \u201c\u00e9 tudo uma inven\u00e7\u00e3o\u201d?<\/p>\n<p>Continua depois da publicidade<\/p>\n<p>O Dr. Fernando Lemos, coloproctologista e criador do <strong><a href=\"https:\/\/www.youtube.com\/@planeta_intestino\" target=\"_blank\" rel=\"noreferrer noopener nofollow\">canal Planeta Intestino<\/a><\/strong>, analisou o tema, e explicou, em um v\u00eddeo no YouTube, o que a ci\u00eancia diz sobre a bebida e revelou a verdade sobre o seu suposto poder emagrecedor.<\/p>\n<p>Embora a banana seja a fruta mais consumida no Brasil e a segunda mais popular no mundo, a maioria das pessoas descarta a casca, desconhecendo que ela \u00e9 uma pot\u00eancia nutricional.<\/p>\n<p>A casca \u00e9 rica em vitaminas B e C, magn\u00e9sio, pot\u00e1ssio, c\u00e1lcio e antioxidantes, oferecendo vantagens significativas para o organismo.<\/p>\n<p>A grande quest\u00e3o \u00e9: o ch\u00e1 deve ser consumido e, principalmente, como faz\u00ea-lo de forma segura e eficaz? O especialista partilha os detalhes essenciais para o preparo e consumo, al\u00e9m de desmistificar a cren\u00e7a de que ele \u201cemagrece 1 kg por dia\u201d.<\/p>\n<p>1<\/p>\n<p>VoltarAvan\u00e7ar<\/p>\n<p><img loading=\"lazy\" decoding=\"async\" width=\"1834\" height=\"1024\" data-id=\"7752547\" src=\"https:\/\/www.europesays.com\/pt\/wp-content\/uploads\/2025\/12\/1-62.jpg\" alt=\"Guia Visual sobre Ch\u00e1 de Casca de Banana emagrece mesmo ou n\u00e3o\" class=\"wp-image-7752547\"  \/><\/p>\n<p>(Foto: Reprodu\u00e7\u00e3o, Google LM Notebook)<\/p>\n<p><img loading=\"lazy\" decoding=\"async\" width=\"1834\" height=\"1024\" data-id=\"7752548\" src=\"https:\/\/www.europesays.com\/pt\/wp-content\/uploads\/2025\/12\/2-54.jpg\" alt=\"Guia Visual sobre Ch\u00e1 de Casca de Banana emagrece mesmo ou n\u00e3o\" class=\"wp-image-7752548\"  \/><\/p>\n<p>(Foto: Reprodu\u00e7\u00e3o, Google LM Notebook)<\/p>\n<p><img loading=\"lazy\" decoding=\"async\" width=\"1834\" height=\"1024\" data-id=\"7752550\" src=\"https:\/\/www.europesays.com\/pt\/wp-content\/uploads\/2025\/12\/3-49.jpg\" alt=\"Guia Visual sobre Ch\u00e1 de Casca de Banana emagrece mesmo ou n\u00e3o\" class=\"wp-image-7752550\"  \/><\/p>\n<p>(Foto: Reprodu\u00e7\u00e3o, Google LM Notebook)<\/p>\n<p><img loading=\"lazy\" decoding=\"async\" width=\"1834\" height=\"1024\" data-id=\"7752551\" src=\"https:\/\/www.europesays.com\/pt\/wp-content\/uploads\/2025\/12\/4-34.jpg\" alt=\"Guia Visual sobre Ch\u00e1 de Casca de Banana emagrece mesmo ou n\u00e3o\" class=\"wp-image-7752551\"  \/><\/p>\n<p>(Foto: Reprodu\u00e7\u00e3o, Google LM Notebook)<\/p>\n<p><img loading=\"lazy\" decoding=\"async\" width=\"1834\" height=\"1024\" data-id=\"7752553\" src=\"https:\/\/www.europesays.com\/pt\/wp-content\/uploads\/2025\/12\/5-25.jpg\" alt=\"Guia Visual sobre Ch\u00e1 de Casca de Banana emagrece mesmo ou n\u00e3o\" class=\"wp-image-7752553\"  \/><\/p>\n<p>(Foto: Reprodu\u00e7\u00e3o, Google LM Notebook)<\/p>\n<p><img loading=\"lazy\" decoding=\"async\" width=\"1834\" height=\"1024\" data-id=\"7752554\" src=\"https:\/\/www.europesays.com\/pt\/wp-content\/uploads\/2025\/12\/6-21.jpg\" alt=\"Guia Visual sobre Ch\u00e1 de Casca de Banana emagrece mesmo ou n\u00e3o\" class=\"wp-image-7752554\"  \/><\/p>\n<p>(Foto: Reprodu\u00e7\u00e3o, Google LM Notebook)<\/p>\n<p><img loading=\"lazy\" decoding=\"async\" width=\"1834\" height=\"1024\" data-id=\"7752555\" src=\"https:\/\/www.europesays.com\/pt\/wp-content\/uploads\/2025\/12\/7-18.jpg\" alt=\"Guia Visual sobre Ch\u00e1 de Casca de Banana emagrece mesmo ou n\u00e3o\" class=\"wp-image-7752555\"  \/><\/p>\n<p>(Foto: Reprodu\u00e7\u00e3o, Google LM Notebook)<\/p>\n<p><img loading=\"lazy\" decoding=\"async\" width=\"1834\" height=\"1024\" data-id=\"7752556\" src=\"https:\/\/www.europesays.com\/pt\/wp-content\/uploads\/2025\/12\/8-12.jpg\" alt=\"Guia Visual sobre Ch\u00e1 de Casca de Banana emagrece mesmo ou n\u00e3o\" class=\"wp-image-7752556\"  \/><\/p>\n<p>(Foto: Reprodu\u00e7\u00e3o, Google LM Notebook)<\/p>\n<p>Por que n\u00e3o deve jogar a casca da banana fora<\/p>\n<p>A verdade \u00e9 que a casca da banana tem muitos benef\u00edcios, e \u00e9 surpreendente que muitas vezes a jogamos fora. Estudos mostram que a casca \u00e9 rica em vitaminas do complexo B, cruciais para os m\u00fasculos e neur\u00f4nios, al\u00e9m de vitamina C, que auxilia na imunidade e na cicatriza\u00e7\u00e3o de feridas ou p\u00f3s-operat\u00f3rio.<\/p>\n<p>Continua depois da publicidade<\/p>\n<p>Al\u00e9m disso, a casca \u00e9 uma fonte rica em magn\u00e9sio, que \u00e9 \u00f3timo para o sono e a vitalidade muscular, especialmente para quem faz atividade f\u00edsica. Ela tamb\u00e9m cont\u00e9m pot\u00e1ssio, que ajuda a controlar a press\u00e3o arterial e a desinchar o corpo, e c\u00e1lcio, importante para a sa\u00fade dos ossos.<\/p>\n<p>Benef\u00edcios que v\u00e3o al\u00e9m das vitaminas<\/p>\n<p>Recentemente, a ci\u00eancia descobriu que a casca tamb\u00e9m cont\u00e9m antioxidantes e anti-inflamat\u00f3rios. Os estudos mostram que componentes fen\u00f3licos, como as catequinas, previnem doen\u00e7as cr\u00f4nicas.<\/p>\n<p>A casca de banana \u00e9 rica em triptofano, um composto que auxilia a \u201cbaixar a ansiedade\u201d e a adrenalina, o que contribui diretamente para a qualidade do sono. O Dr. Fernando Lemos afirma que um sono de qualidade \u201c\u00e9 tudo para o organismo e para o funcionamento normal dos \u00f3rg\u00e3os\u201d.<\/p>\n<p>Continua depois da publicidade<\/p>\n<p>Outro benef\u00edcio importante \u00e9 que a casca de banana ajuda a \u201cbaixar os n\u00edveis de glicose\u201d. Assim, ela pode ser \u00fatil para pessoas com diabetes tipo 2 ou que buscam prevenir o aumento dos n\u00edveis de a\u00e7\u00facar no sangue.<\/p>\n<p>Ch\u00e1 da casca de banana emagrece? A resposta do especialista<\/p>\n<p>Muitas pessoas buscam este ch\u00e1 como um milagre para perder peso, chegando a circular a ideia de que \u201cemagrece 1 kg por dia\u201d. Contudo, o Dr. Lemos \u00e9 categ\u00f3rico: \u201cN\u00e3o tem estudos cient\u00edficos mostrando que o ch\u00e1 da casca da banana emagrece, infelizmente\u201d.<\/p>\n<p>Ele refor\u00e7a que traz apenas informa\u00e7\u00f5es com comprova\u00e7\u00e3o cient\u00edfica, mesmo que as pessoas \u201cficam tristes porque n\u00f3s falamos as verdades, n\u00e3o o que a pessoa quer ouvir\u201d.<\/p>\n<p>Continua depois da publicidade<\/p>\n<p>Entretanto, o ch\u00e1 pode auxiliar na perda de peso de forma indireta. Como \u00e9 rica em fibra, a casca da banana \u201cajuda na saciedade para voc\u00ea n\u00e3o comer demais\u201d.<\/p>\n<p>Al\u00e9m disso, como o triptofano \u201cbaixa a ansiedade\u201d, ajuda as pessoas que tendem a comer quando est\u00e3o ansiosas, o que indiretamente auxilia a n\u00e3o comer em excesso.<\/p>\n<p>Como preparar o ch\u00e1 de forma segura<\/p>\n<p>O preparo correto exige aten\u00e7\u00e3o, especialmente na higiene da casca da banana, j\u00e1 que muitas pessoas tocam nela no supermercado e pode haver agrot\u00f3xicos ou parasitas.<\/p>\n<p>Continua depois da publicidade<\/p>\n<p>Um detalhe fundamental \u00e9 que, se o ch\u00e1 \u00e9 feito da casca, n\u00e3o se deve usar a polpa da banana, pois isso tornaria a bebida mais cal\u00f3rica, e o objetivo \u00e9 que o ch\u00e1 seja pouco cal\u00f3rico e sem adi\u00e7\u00e3o de a\u00e7\u00facar.<\/p>\n<p>Para fazer a higiene, que pode demorar mais tempo do que o pr\u00f3prio preparo do ch\u00e1, utilize a casca de uma banana grande (a variedade da banana n\u00e3o altera muito os benef\u00edcios).<\/p>\n<p>Passos essenciais para a higiene e o preparo:<\/p>\n<ul class=\"wp-block-list\">\n<li>Lave a casca da banana em \u00e1gua corrente.<\/li>\n<li>Deixe-a de molho por dez minutos numa solu\u00e7\u00e3o de hipoclorito (\u00e1gua sanit\u00e1ria), utilizando 1 litro de \u00e1gua para uma colher de sopa de hipoclorito. Este passo tem efeito bactericida e ajuda a tirar parasitas.<\/li>\n<li>Lave novamente em \u00e1gua corrente.<\/li>\n<li>Deixe de molho por mais dez minutos numa solu\u00e7\u00e3o de bicarbonato, mantendo a propor\u00e7\u00e3o de 1 litro de \u00e1gua para uma colher de sopa de bicarbonato.<\/li>\n<li>Lave mais uma vez em \u00e1gua corrente.<\/li>\n<li>Corte a casca em quadradinhos e coloque-a em 1 litro de \u00e1gua.<\/li>\n<li>Ferva a mistura durante dez minutos (alguns estudos sugerem quinze minutos, mas dez s\u00e3o suficientes)<\/li>\n<\/ul>\n<p>Continua depois da publicidade<\/p>\n<p>O ch\u00e1 da casca de banana pode ser guardado no frigor\u00edfico e consumido at\u00e9 24 horas depois do preparo. O ideal \u00e9 que se consuma 1 litro por dia.<\/p>\n<p>Qual o melhor hor\u00e1rio para beber?<\/p>\n<p>Em rela\u00e7\u00e3o ao hor\u00e1rio ideal de consumo, n\u00e3o h\u00e1 uma regra universal. Contudo, o Dr. Lemos sugere que, como a bebida \u00e9 excelente para relaxamento, ajuda a \u201cbaixar a ansiedade\u201d e melhora a qualidade do sono, o hor\u00e1rio mais interessante para tomar o ch\u00e1 \u00e9 \u201ca partir das 17 horas para cima\u201d, incluindo 18, 19 ou 20 horas.<\/p>\n<p>Pode-se pensar no ch\u00e1 da casca de banana como um multivitam\u00ednico noturno, pois ele concentra diversos nutrientes que auxiliam o corpo a descontrair e se preparar para o descanso, em vez de ser encarado como um simples atalho para a perda de peso.<\/p>\n<p>Continua depois da publicidade<\/p>\n","protected":false},"excerpt":{"rendered":"A moda do ch\u00e1 de casca de banana est\u00e1 tomando conta das redes sociais e gerando muitas d\u00favidas:&hellip;\n","protected":false},"author":2,"featured_media":184160,"comment_status":"","ping_status":"","sticky":false,"template":"","format":"standard","meta":{"footnotes":""},"categories":[86],"tags":[116,32,33,117,794],"class_list":{"0":"post-184159","1":"post","2":"type-post","3":"status-publish","4":"format-standard","5":"has-post-thumbnail","7":"category-saude","8":"tag-health","9":"tag-portugal","10":"tag-pt","11":"tag-saude","12":"tag-voce-viu"},"share_on_mastodon":{"url":"https:\/\/pubeurope.com\/@pt\/115701323630024308","error":""},"_links":{"self":[{"href":"https:\/\/www.europesays.com\/pt\/wp-json\/wp\/v2\/posts\/184159","targetHints":{"allow":["GET"]}}],"collection":[{"href":"https:\/\/www.europesays.com\/pt\/wp-json\/wp\/v2\/posts"}],"about":[{"href":"https:\/\/www.europesays.com\/pt\/wp-json\/wp\/v2\/types\/post"}],"author":[{"embeddable":true,"href":"https:\/\/www.europesays.com\/pt\/wp-json\/wp\/v2\/users\/2"}],"replies":[{"embeddable":true,"href":"https:\/\/www.europesays.com\/pt\/wp-json\/wp\/v2\/comments?post=184159"}],"version-history":[{"count":0,"href":"https:\/\/www.europesays.com\/pt\/wp-json\/wp\/v2\/posts\/184159\/revisions"}],"wp:featuredmedia":[{"embeddable":true,"href":"https:\/\/www.europesays.com\/pt\/wp-json\/wp\/v2\/media\/184160"}],"wp:attachment":[{"href":"https:\/\/www.europesays.com\/pt\/wp-json\/wp\/v2\/media?parent=184159"}],"wp:term":[{"taxonomy":"category","embeddable":true,"href":"https:\/\/www.europesays.com\/pt\/wp-json\/wp\/v2\/categories?post=184159"},{"taxonomy":"post_tag","embeddable":true,"href":"https:\/\/www.europesays.com\/pt\/wp-json\/wp\/v2\/tags?post=184159"}],"curies":[{"name":"wp","href":"https:\/\/api.w.org\/{rel}","templated":true}]}}