{"id":184165,"date":"2025-12-11T14:10:19","date_gmt":"2025-12-11T14:10:19","guid":{"rendered":"https:\/\/www.europesays.com\/pt\/184165\/"},"modified":"2025-12-11T14:10:19","modified_gmt":"2025-12-11T14:10:19","slug":"juiz-ordena-trump-a-retirar-militares-da-guarda-nacional-de-los-angeles-2","status":"publish","type":"post","link":"https:\/\/www.europesays.com\/pt\/184165\/","title":{"rendered":"Juiz ordena Trump a retirar militares da Guarda Nacional de Los Angeles"},"content":{"rendered":"<p>Um juiz federal ordenou \u00e0 Casa Branca para <strong>cessar o envio de militares da Guarda Nacional da Calif\u00f3rnia para a cidade de Los Angeles<\/strong><strong>.<\/strong> Washington tem tamb\u00e9m de <strong>devolver o controlo<\/strong> desta for\u00e7a federal ao estado da Calif\u00f3rnia.<\/p>\n<p>O juiz Charles Breyer aprovou uma provid\u00eancia cautelar pedida pelas autoridades californianas que, numa auditoria em S\u00e3o Francisco, acusaram a administra\u00e7\u00e3o Trump de instrumentaliza\u00e7\u00e3o pol\u00edtica da Guarda Nacional para cumprir com a sua agenda de combate imigra\u00e7\u00e3o ilegal. Contudo, a ordem s\u00f3 entrar\u00e1 em vigor a partir de segunda-feira.<\/p>\n<p><strong>\u201d<\/strong><strong>A Guarda Nacional n\u00e3o \u00e9 a companhia pirata itinerante do Presidente [Trump] para ser destacada para onde ele quiser, quando ele quiser, durante o tempo que quiser, por qualquer raz\u00e3o que queira, ou nenhuma raz\u00e3o de todo,<\/strong><strong>\u201d<\/strong> \u2014 afirmou o Procurador-Geral do Estado da Calif\u00f3rnia Rob Bonta ap\u00f3s a auditoria.<\/p>\n<p>Para Breyer, uma quest\u00e3o importante deve ser encarada: pode a Administra\u00e7\u00e3o Trump manter o controlo da Guarda Nacional durante o tempo que desejar?<\/p>\n<p><strong>\u201d<\/strong><strong>Nenhuma crise \u00e9 eterna<\/strong><strong>\u201d<\/strong> \u2014 disse o juiz, sugerindo que a situa\u00e7\u00e3o em Los Angeles j\u00e1 n\u00e3o \u00e9 a mesma aquando do primeiro destacamento federal em junho &#8211; na altura, mais de 4000 membros da Guarda Nacional e 700 fuzileiros-navais. Atualmente, apenas cerca de 100 tropas continuam na cidade americana. \u201dCreio que a experi\u00eancia nos ensina que <strong>crises veem e crises v\u00e3o. \u00c9 assim que funciona<\/strong><strong>\u201d<\/strong> \u2014 sublinhou Breyer.<\/p>\n<p>Advogados do Departamento de Justi\u00e7a norte-americano afirmaram que a Guarda Nacional era necess\u00e1ria em Los Angeles para proteger membros e propriedade federal. Breyer pressionou um advogado do governo a apresentar provas que aos destacamentos estaduais carecia vontade ou compet\u00eancia em cumprir esta fun\u00e7\u00e3o, e notou que Trump tem j\u00e1 ao seu dispor dezenas de milhares de tropas no ativo em Calif\u00f3rnia.<\/p>\n<p>A Casa Branca estendeu o destacamento at\u00e9 fevereiro e tentou deter controlo de membros da Guarda da Calif\u00f3rnia em Portland. Estes esfor\u00e7os t\u00eam um objetivo: <strong>o envio de militares a cidades lideradas por membros do partido Democrata.<\/strong><\/p>\n<p style=\"text-align: start;\">Breyer j\u00e1 se tinha oposto a Washington nesta mat\u00e9ria durante o processo do Governador da Calif\u00f3rnia Gavin Newsom contra a Administra\u00e7\u00e3o Trump, em junho. No final do processo (a 2 de setembro), o juiz imp\u00f4s uma proibi\u00e7\u00e3o federal do uso de tropas da Guarda Nacional ou outras for\u00e7as militares para o cumprimento da lei civil. Washington n\u00e3o se deu por rendida, e recorreu a outro tribunal.<\/p>\n<p style=\"text-align: start;\">\u201cMais uma vez, <strong>um juiz mafioso<\/strong> est\u00e1 a tentar usurpar a autoridade do Comandante-Chefe para proteger as cidades americanas da viol\u00eancia e da destrui\u00e7\u00e3o\u201d, disse a porta-voz da Casa Branca, Anna Kelly, ap\u00f3s a decis\u00e3o de Breyer neste processo de setembro.<\/p>\n<p style=\"text-align: start;\">\u201cO Presidente Trump salvou Los Angeles, que estava dominada por <strong>lun\u00e1ticos esquerdistas desvairados a semear o caos generalizado<\/strong> at\u00e9 ele intervir. Enquanto os tribunais da extrema-esquerda tentam impedir o Presidente Trump de cumprir o seu mandato de Voltar a Tornar a Am\u00e9rica Segura (Make America Safe Again), o Presidente mant\u00e9m-se empenhado em proteger os cidad\u00e3os cumpridores da lei, e esta n\u00e3o ser\u00e1 a palavra final sobre o assunto.\u201d<\/p>\n<p style=\"text-align: start;\">Trump tomou controlo da Guarda Nacional da Calif\u00f3rnia ap\u00f3s protestos \u00e0 sua pol\u00edtica autorit\u00e1ria e violenta de combate \u00e0 imigra\u00e7\u00e3o ilegal, conduzida pelos Servi\u00e7os de Imigra\u00e7\u00e3o e Fronteiras (ICE, na sigla em ingl\u00eas). \u00c9 a primeira vez desde 1965 que a Guarda Nacional \u00e9 ativada sem pedido ou consentimento de um Governador.<\/p>\n","protected":false},"excerpt":{"rendered":"Um juiz federal ordenou \u00e0 Casa Branca para cessar o envio de militares da Guarda Nacional da Calif\u00f3rnia&hellip;\n","protected":false},"author":2,"featured_media":183497,"comment_status":"","ping_status":"","sticky":false,"template":"","format":"standard","meta":{"footnotes":""},"categories":[50],"tags":[27,28,15,16,14,25,26,21,22,62,12,13,19,20,23,24,17,18,29,30,31,63,64,65],"class_list":{"0":"post-184165","1":"post","2":"type-post","3":"status-publish","4":"format-standard","5":"has-post-thumbnail","7":"category-mundo","8":"tag-breaking-news","9":"tag-breakingnews","10":"tag-featured-news","11":"tag-featurednews","12":"tag-headlines","13":"tag-latest-news","14":"tag-latestnews","15":"tag-main-news","16":"tag-mainnews","17":"tag-mundo","18":"tag-news","19":"tag-noticias","20":"tag-noticias-principais","21":"tag-noticiasprincipais","22":"tag-principais-noticias","23":"tag-principaisnoticias","24":"tag-top-stories","25":"tag-topstories","26":"tag-ultimas","27":"tag-ultimas-noticias","28":"tag-ultimasnoticias","29":"tag-world","30":"tag-world-news","31":"tag-worldnews"},"share_on_mastodon":{"url":"https:\/\/pubeurope.com\/@pt\/115701338829282950","error":""},"_links":{"self":[{"href":"https:\/\/www.europesays.com\/pt\/wp-json\/wp\/v2\/posts\/184165","targetHints":{"allow":["GET"]}}],"collection":[{"href":"https:\/\/www.europesays.com\/pt\/wp-json\/wp\/v2\/posts"}],"about":[{"href":"https:\/\/www.europesays.com\/pt\/wp-json\/wp\/v2\/types\/post"}],"author":[{"embeddable":true,"href":"https:\/\/www.europesays.com\/pt\/wp-json\/wp\/v2\/users\/2"}],"replies":[{"embeddable":true,"href":"https:\/\/www.europesays.com\/pt\/wp-json\/wp\/v2\/comments?post=184165"}],"version-history":[{"count":0,"href":"https:\/\/www.europesays.com\/pt\/wp-json\/wp\/v2\/posts\/184165\/revisions"}],"wp:featuredmedia":[{"embeddable":true,"href":"https:\/\/www.europesays.com\/pt\/wp-json\/wp\/v2\/media\/183497"}],"wp:attachment":[{"href":"https:\/\/www.europesays.com\/pt\/wp-json\/wp\/v2\/media?parent=184165"}],"wp:term":[{"taxonomy":"category","embeddable":true,"href":"https:\/\/www.europesays.com\/pt\/wp-json\/wp\/v2\/categories?post=184165"},{"taxonomy":"post_tag","embeddable":true,"href":"https:\/\/www.europesays.com\/pt\/wp-json\/wp\/v2\/tags?post=184165"}],"curies":[{"name":"wp","href":"https:\/\/api.w.org\/{rel}","templated":true}]}}