{"id":184187,"date":"2025-12-11T14:34:09","date_gmt":"2025-12-11T14:34:09","guid":{"rendered":"https:\/\/www.europesays.com\/pt\/184187\/"},"modified":"2025-12-11T14:34:09","modified_gmt":"2025-12-11T14:34:09","slug":"por-que-joao-gomes-nao-encontrou-quem-projetasse-sua-casa-brasileira","status":"publish","type":"post","link":"https:\/\/www.europesays.com\/pt\/184187\/","title":{"rendered":"Por que Jo\u00e3o Gomes n\u00e3o encontrou quem projetasse sua casa brasileira?"},"content":{"rendered":"\n<p class=\" content-text__container \" data-track-category=\"Link no Texto\" data-track-links=\"\"> Para a arquiteta pernambucana <a class=\"\" href=\"https:\/\/casavogue.globo.com\/casa-vogue-50\/noticia\/2025\/12\/casa-vogue-50-2026.ghtml\" rel=\"nofollow noopener\" target=\"_blank\">Cec\u00edlia Lemos<\/a>, a est\u00e9tica minimalista se difundiu com a internet. \u201cEssa linguagem visual \u2018uniforme\u2019 aparece bastante nas redes sociais, e as pessoas passam a reconhec\u00ea-la como um caminho seguro para construir.\u201d Autora de projetos multicoloridos e cheios de arte popular, Cec\u00edlia lamenta essa homogeneiza\u00e7\u00e3o. \u201cNossa identidade arquitet\u00f4nica \u00e9 t\u00e3o plural: est\u00e1 no nosso sangue, no nosso clima, nas nossas <a class=\"\" href=\"https:\/\/casavogue.globo.com\/smart\/noticia\/2024\/01\/psicologia-das-cores-paletas.ghtml\" rel=\"nofollow noopener\" target=\"_blank\">cores<\/a>. Estamos perdendo a oportunidade de trazer a verdade brasileira para dentro das casas. Arquitetura \u00e9 para causar emo\u00e7\u00e3o. Fazer se sentir vivo\u201d, diz, ao passo em que lista suas saudades. \u201cSinto falta, por exemplo, de solu\u00e7\u00f5es como <a class=\"\" href=\"https:\/\/casavogue.globo.com\/Colunas\/Revestindo-a-Casa\/noticia\/2019\/10\/voce-conhece-historia-dos-cobogos.html\" rel=\"nofollow noopener\" target=\"_blank\">cobog\u00f3s<\/a>, varandas generosas, arcos, alpendres, p\u00e9-direito que respira e do uso de materiais que carregam hist\u00f3ria: madeira, pedra natural, <a class=\"\" href=\"https:\/\/casavogue.globo.com\/casa-vogue-living-market\/noticia\/2023\/12\/pecas-ceramica-decoracao.ghtml\" rel=\"nofollow noopener\" target=\"_blank\">cer\u00e2mica<\/a>, ladrilho hidr\u00e1ulico, palha, texturas que conversam com o clima e com o toque. Esses elementos n\u00e3o s\u00e3o apenas est\u00e9ticos; eles criam conforto, pertencimento e uma rela\u00e7\u00e3o afetiva com o espa\u00e7o.\u201d <\/p>\n","protected":false},"excerpt":{"rendered":"Para a arquiteta pernambucana Cec\u00edlia Lemos, a est\u00e9tica minimalista se difundiu com a internet. \u201cEssa linguagem visual \u2018uniforme\u2019&hellip;\n","protected":false},"author":2,"featured_media":184188,"comment_status":"","ping_status":"","sticky":false,"template":"","format":"standard","meta":{"footnotes":""},"categories":[144],"tags":[207,205,206,203,201,202,204,114,115,32,33],"class_list":{"0":"post-184187","1":"post","2":"type-post","3":"status-publish","4":"format-standard","5":"has-post-thumbnail","7":"category-arte-e-design","8":"tag-arte","9":"tag-arte-e-design","10":"tag-artedesign","11":"tag-arts","12":"tag-arts-and-design","13":"tag-artsanddesign","14":"tag-design","15":"tag-entertainment","16":"tag-entretenimento","17":"tag-portugal","18":"tag-pt"},"share_on_mastodon":{"url":"https:\/\/pubeurope.com\/@pt\/115701433139228588","error":""},"_links":{"self":[{"href":"https:\/\/www.europesays.com\/pt\/wp-json\/wp\/v2\/posts\/184187","targetHints":{"allow":["GET"]}}],"collection":[{"href":"https:\/\/www.europesays.com\/pt\/wp-json\/wp\/v2\/posts"}],"about":[{"href":"https:\/\/www.europesays.com\/pt\/wp-json\/wp\/v2\/types\/post"}],"author":[{"embeddable":true,"href":"https:\/\/www.europesays.com\/pt\/wp-json\/wp\/v2\/users\/2"}],"replies":[{"embeddable":true,"href":"https:\/\/www.europesays.com\/pt\/wp-json\/wp\/v2\/comments?post=184187"}],"version-history":[{"count":0,"href":"https:\/\/www.europesays.com\/pt\/wp-json\/wp\/v2\/posts\/184187\/revisions"}],"wp:featuredmedia":[{"embeddable":true,"href":"https:\/\/www.europesays.com\/pt\/wp-json\/wp\/v2\/media\/184188"}],"wp:attachment":[{"href":"https:\/\/www.europesays.com\/pt\/wp-json\/wp\/v2\/media?parent=184187"}],"wp:term":[{"taxonomy":"category","embeddable":true,"href":"https:\/\/www.europesays.com\/pt\/wp-json\/wp\/v2\/categories?post=184187"},{"taxonomy":"post_tag","embeddable":true,"href":"https:\/\/www.europesays.com\/pt\/wp-json\/wp\/v2\/tags?post=184187"}],"curies":[{"name":"wp","href":"https:\/\/api.w.org\/{rel}","templated":true}]}}