{"id":184189,"date":"2025-12-11T14:36:31","date_gmt":"2025-12-11T14:36:31","guid":{"rendered":"https:\/\/www.europesays.com\/pt\/184189\/"},"modified":"2025-12-11T14:36:31","modified_gmt":"2025-12-11T14:36:31","slug":"es-o-milagre-da-tua-aldeia-pedro-acerta-em-cheio-no-segredo-de-ana-secret-story","status":"publish","type":"post","link":"https:\/\/www.europesays.com\/pt\/184189\/","title":{"rendered":"\u00ab\u00c9s o milagre da tua aldeia\u00bb Pedro acerta em cheio no segredo de Ana &#8211; Secret Story"},"content":{"rendered":"<p>No <strong>Secret Story 9<\/strong>, a manh\u00e3 come\u00e7a com uma nova pista. Falta revelar os segredos de Ana, Pedro e Marisa. Na casa, Liliana \u00e9 a primeira a ver e a tentar decifrar a pista. A concorrente n\u00e3o tem d\u00favidas de que pertence a Ana. Mais tarde, Pedro vira-se para Ana e diz aquilo que pensa ser o segredo da amiga&#8230; E acerta em cheio!<\/p>\n<p><strong>Esta semana, h\u00e1 tr\u00eas concorrentes em risco de expuls\u00e3o. Pode votar na APP oficial do TVI reality ou atrav\u00e9s das linhas telef\u00f3nicas.<\/strong><\/p>\n<p><strong>VOTE PARA SALVAR:<br \/>ANA \u2013 761 20 20 01<br \/>IN\u00caS \u2013 761 20 20 10<br \/>LILIANA \u2013 761 20 20 14<\/strong><\/p>\n<p><strong><a href=\"https:\/\/tvi.iol.pt\/secretstory\/aominuto\" rel=\"nofollow noopener\" target=\"_blank\">Veja aqui tudo o que se passa na casa do Secret Story 9<\/a><\/strong><\/p>\n","protected":false},"excerpt":{"rendered":"No Secret Story 9, a manh\u00e3 come\u00e7a com uma nova pista. Falta revelar os segredos de Ana, Pedro&hellip;\n","protected":false},"author":2,"featured_media":184190,"comment_status":"","ping_status":"","sticky":false,"template":"","format":"standard","meta":{"footnotes":""},"categories":[142],"tags":[114,115,19033,19034,32,33,151,19032],"class_list":{"0":"post-184189","1":"post","2":"type-post","3":"status-publish","4":"format-standard","5":"has-post-thumbnail","7":"category-tv","8":"tag-entertainment","9":"tag-entretenimento","10":"tag-galas-em-video","11":"tag-melhores-momentos-casa-dos-segredos","12":"tag-portugal","13":"tag-pt","14":"tag-tv","15":"tag-videos-secret-story-tvi"},"share_on_mastodon":{"url":"https:\/\/pubeurope.com\/@pt\/115701441255521919","error":""},"_links":{"self":[{"href":"https:\/\/www.europesays.com\/pt\/wp-json\/wp\/v2\/posts\/184189","targetHints":{"allow":["GET"]}}],"collection":[{"href":"https:\/\/www.europesays.com\/pt\/wp-json\/wp\/v2\/posts"}],"about":[{"href":"https:\/\/www.europesays.com\/pt\/wp-json\/wp\/v2\/types\/post"}],"author":[{"embeddable":true,"href":"https:\/\/www.europesays.com\/pt\/wp-json\/wp\/v2\/users\/2"}],"replies":[{"embeddable":true,"href":"https:\/\/www.europesays.com\/pt\/wp-json\/wp\/v2\/comments?post=184189"}],"version-history":[{"count":0,"href":"https:\/\/www.europesays.com\/pt\/wp-json\/wp\/v2\/posts\/184189\/revisions"}],"wp:featuredmedia":[{"embeddable":true,"href":"https:\/\/www.europesays.com\/pt\/wp-json\/wp\/v2\/media\/184190"}],"wp:attachment":[{"href":"https:\/\/www.europesays.com\/pt\/wp-json\/wp\/v2\/media?parent=184189"}],"wp:term":[{"taxonomy":"category","embeddable":true,"href":"https:\/\/www.europesays.com\/pt\/wp-json\/wp\/v2\/categories?post=184189"},{"taxonomy":"post_tag","embeddable":true,"href":"https:\/\/www.europesays.com\/pt\/wp-json\/wp\/v2\/tags?post=184189"}],"curies":[{"name":"wp","href":"https:\/\/api.w.org\/{rel}","templated":true}]}}