{"id":184208,"date":"2025-12-11T14:55:11","date_gmt":"2025-12-11T14:55:11","guid":{"rendered":"https:\/\/www.europesays.com\/pt\/184208\/"},"modified":"2025-12-11T14:55:11","modified_gmt":"2025-12-11T14:55:11","slug":"luis-castro-despedido-do-nantes-com-sucessor-caminho","status":"publish","type":"post","link":"https:\/\/www.europesays.com\/pt\/184208\/","title":{"rendered":"Lu\u00eds Castro despedido do Nantes com sucessor caminho"},"content":{"rendered":"<p>Depois de muita especula\u00e7\u00e3o, Lu\u00eds Castro rescindiu contrato com o Nantes, anunciou o clube esta quinta-feira, nas redes sociais.<\/p>\n<p>&#8220;O Nantes agradece a Lu\u00eds Castro e a toda a equipa pelo profissionalismo e dedica\u00e7\u00e3o di\u00e1ria, desejando-lhes tudo de bom para o resto das carreiras&#8221;, escreveu o emblema franc\u00eas.<\/p>\n<p>Ahmed Kantari, que orientou a equipa principal do Valenciennes na \u00e9poca passada, sucede agora ao portugu\u00eas, que deixou o clube na 17.\u00aa e pen\u00faltima posi\u00e7\u00e3o, com apenas duas vit\u00f3rias em 15 jogos. O primeiro desafio acontece na sexta-feira, frente ao Angers. Kantari, de resto, foi adjunto de Antoine Kombouar\u00e9 no Nantes, treinador a quem Lu\u00eds Castro sucedeu no ver\u00e3o.<\/p>\n","protected":false},"excerpt":{"rendered":"Depois de muita especula\u00e7\u00e3o, Lu\u00eds Castro rescindiu contrato com o Nantes, anunciou o clube esta quinta-feira, nas redes&hellip;\n","protected":false},"author":2,"featured_media":184209,"comment_status":"","ping_status":"","sticky":false,"template":"","format":"standard","meta":{"footnotes":""},"categories":[87],"tags":[135,32,33,134],"class_list":{"0":"post-184208","1":"post","2":"type-post","3":"status-publish","4":"format-standard","5":"has-post-thumbnail","7":"category-desporto","8":"tag-desporto","9":"tag-portugal","10":"tag-pt","11":"tag-sports"},"share_on_mastodon":{"url":"https:\/\/pubeurope.com\/@pt\/115701515916184901","error":""},"_links":{"self":[{"href":"https:\/\/www.europesays.com\/pt\/wp-json\/wp\/v2\/posts\/184208","targetHints":{"allow":["GET"]}}],"collection":[{"href":"https:\/\/www.europesays.com\/pt\/wp-json\/wp\/v2\/posts"}],"about":[{"href":"https:\/\/www.europesays.com\/pt\/wp-json\/wp\/v2\/types\/post"}],"author":[{"embeddable":true,"href":"https:\/\/www.europesays.com\/pt\/wp-json\/wp\/v2\/users\/2"}],"replies":[{"embeddable":true,"href":"https:\/\/www.europesays.com\/pt\/wp-json\/wp\/v2\/comments?post=184208"}],"version-history":[{"count":0,"href":"https:\/\/www.europesays.com\/pt\/wp-json\/wp\/v2\/posts\/184208\/revisions"}],"wp:featuredmedia":[{"embeddable":true,"href":"https:\/\/www.europesays.com\/pt\/wp-json\/wp\/v2\/media\/184209"}],"wp:attachment":[{"href":"https:\/\/www.europesays.com\/pt\/wp-json\/wp\/v2\/media?parent=184208"}],"wp:term":[{"taxonomy":"category","embeddable":true,"href":"https:\/\/www.europesays.com\/pt\/wp-json\/wp\/v2\/categories?post=184208"},{"taxonomy":"post_tag","embeddable":true,"href":"https:\/\/www.europesays.com\/pt\/wp-json\/wp\/v2\/tags?post=184208"}],"curies":[{"name":"wp","href":"https:\/\/api.w.org\/{rel}","templated":true}]}}