{"id":18421,"date":"2025-08-06T14:12:29","date_gmt":"2025-08-06T14:12:29","guid":{"rendered":"https:\/\/www.europesays.com\/pt\/18421\/"},"modified":"2025-08-06T14:12:29","modified_gmt":"2025-08-06T14:12:29","slug":"um-carro-para-a-vida-mecanico-revela-que-este-e-dos-carros-mais-resistentes-e-so-entra-na-oficina-para-fazer-manutencao","status":"publish","type":"post","link":"https:\/\/www.europesays.com\/pt\/18421\/","title":{"rendered":"Um carro para a vida? Mec\u00e2nico revela que este \u00e9 dos carros mais resistentes e &#8220;s\u00f3 entra na oficina para fazer manuten\u00e7\u00e3o&#8221;"},"content":{"rendered":"<p><strong>Encontrar um carro em segunda m\u00e3o que junte pre\u00e7o acess\u00edvel, manuten\u00e7\u00e3o simples e fiabilidade mec\u00e2nica n\u00e3o \u00e9 tarefa f\u00e1cil. No entanto, para o mec\u00e2nico espanhol Javier Cortez, h\u00e1 um modelo que preenche todos esses requisitos: o Ford Focus com motor 1.6 a gasolina, uma vers\u00e3o atmosf\u00e9rica que, segundo garante, \u00e9 das que menos problemas d\u00e1.<\/strong><\/p>\n<p>Segundo o jornal digital espanhol El Confidencial, Cortez fala com conhecimento de causa, conduz um destes ve\u00edculos diariamente e afirma que o seu j\u00e1 ultrapassou os 230 mil quil\u00f3metros sem qualquer avaria significativa. O segredo, explica, est\u00e1 no bloco DHWDA, um motor atmosf\u00e9rico de 100 cavalos, sem turbo nem v\u00e1lvula EGR, o que reduz drasticamente o risco de falhas mec\u00e2nicas.<\/p>\n<p>\u201cEste motor s\u00f3 entra na oficina para fazer manuten\u00e7\u00e3o\u201d, declara o especialista, sublinhando que se trata de um carro especialmente indicado para quem procura um modelo fi\u00e1vel, barato e f\u00e1cil de manter.<\/p>\n<p class=\"has-medium-font-size\"><strong>Simples, mas com pormenores \u00e0 frente do seu tempo<\/strong><\/p>\n<p>Apesar da mec\u00e2nica simples, o Focus 1.6 da gera\u00e7\u00e3o de 2005 inclu\u00eda alguns pormenores tecnol\u00f3gicos curiosos para a \u00e9poca. Algumas vers\u00f5es vinham equipadas com um m\u00f3dulo desenvolvido pela Nokia, que permitia mudar de m\u00fasica ou atender chamadas por comando de voz, algo invulgar para um modelo deste segmento na altura.<\/p>\n<p>Cortez reconhece que o sistema era limitado em funcionalidade, mas destaca o detalhe como um exemplo de como este carro procurava combinar robustez com um toque de modernidade. Ainda assim, o que mais valoriza \u00e9 a sua durabilidade e a facilidade com que se conduz.<\/p>\n<p class=\"has-medium-font-size\"><strong>Um carro sem luxos, mas com muito para dar<\/strong><\/p>\n<p>Segundo o <a href=\"https:\/\/www.elconfidencial.com\/\" target=\"_blank\" rel=\"noreferrer noopener nofollow\">El Confidencial<\/a>, o mec\u00e2nico sublinha que o Ford Focus 1.6 n\u00e3o \u00e9 um carro potente nem particularmente sofisticado, mas responde bem quando \u00e9 bem tratado. Com manuten\u00e7\u00e3o regular e uma condu\u00e7\u00e3o respons\u00e1vel, garante que este motor \u00e9 dos mais resistentes dentro da sua categoria.<\/p>\n<p>Para quem pretende um carro usado fi\u00e1vel, com pe\u00e7as baratas e baixa propens\u00e3o para avarias, Cortez n\u00e3o hesita: \u201cPoucos carros oferecem tanto por t\u00e3o pouco\u201d, afirma. A simplicidade do motor, sem componentes como turbo ou EGR, reduz a necessidade de interven\u00e7\u00f5es frequentes, algo cada vez mais raro nos modelos atuais.<\/p>\n<p><strong>Leia tamb\u00e9m: <a href=\"https:\/\/postal.pt\/nacional\/transporta-isto-no-carro-prepare-se-para-multas-superiores-a-1-500e-e-outras-consequencias-graves\/#goog_rewarded\" target=\"_blank\" rel=\"noreferrer noopener nofollow\">Transporta isto no carro? Prepare-se para multas superiores a 1.500\u20ac e outras consequ\u00eancias graves<\/a><\/strong><\/p>\n","protected":false},"excerpt":{"rendered":"Encontrar um carro em segunda m\u00e3o que junte pre\u00e7o acess\u00edvel, manuten\u00e7\u00e3o simples e fiabilidade mec\u00e2nica n\u00e3o \u00e9 tarefa&hellip;\n","protected":false},"author":2,"featured_media":18422,"comment_status":"","ping_status":"","sticky":false,"template":"","format":"standard","meta":{"footnotes":""},"categories":[83],"tags":[88,89,90,32,33],"class_list":{"0":"post-18421","1":"post","2":"type-post","3":"status-publish","4":"format-standard","5":"has-post-thumbnail","7":"category-empresas","8":"tag-business","9":"tag-economy","10":"tag-empresas","11":"tag-portugal","12":"tag-pt"},"share_on_mastodon":{"url":"","error":""},"_links":{"self":[{"href":"https:\/\/www.europesays.com\/pt\/wp-json\/wp\/v2\/posts\/18421","targetHints":{"allow":["GET"]}}],"collection":[{"href":"https:\/\/www.europesays.com\/pt\/wp-json\/wp\/v2\/posts"}],"about":[{"href":"https:\/\/www.europesays.com\/pt\/wp-json\/wp\/v2\/types\/post"}],"author":[{"embeddable":true,"href":"https:\/\/www.europesays.com\/pt\/wp-json\/wp\/v2\/users\/2"}],"replies":[{"embeddable":true,"href":"https:\/\/www.europesays.com\/pt\/wp-json\/wp\/v2\/comments?post=18421"}],"version-history":[{"count":0,"href":"https:\/\/www.europesays.com\/pt\/wp-json\/wp\/v2\/posts\/18421\/revisions"}],"wp:featuredmedia":[{"embeddable":true,"href":"https:\/\/www.europesays.com\/pt\/wp-json\/wp\/v2\/media\/18422"}],"wp:attachment":[{"href":"https:\/\/www.europesays.com\/pt\/wp-json\/wp\/v2\/media?parent=18421"}],"wp:term":[{"taxonomy":"category","embeddable":true,"href":"https:\/\/www.europesays.com\/pt\/wp-json\/wp\/v2\/categories?post=18421"},{"taxonomy":"post_tag","embeddable":true,"href":"https:\/\/www.europesays.com\/pt\/wp-json\/wp\/v2\/tags?post=18421"}],"curies":[{"name":"wp","href":"https:\/\/api.w.org\/{rel}","templated":true}]}}