{"id":184214,"date":"2025-12-11T14:59:17","date_gmt":"2025-12-11T14:59:17","guid":{"rendered":"https:\/\/www.europesays.com\/pt\/184214\/"},"modified":"2025-12-11T14:59:17","modified_gmt":"2025-12-11T14:59:17","slug":"em-apenas-5-anos-um-fisico-transformou-o-seu-pais-98-da-energia-e-de-fontes-renovaveis","status":"publish","type":"post","link":"https:\/\/www.europesays.com\/pt\/184214\/","title":{"rendered":"Em apenas 5 anos, um f\u00edsico transformou o seu pa\u00eds: 98% da energia \u00e9 de fontes renov\u00e1veis"},"content":{"rendered":"<p class=\"wp-caption-text top\">Climate Breakthrough<\/p>\n<p><img decoding=\"async\" loading=\"lazy\" class=\"size-kopa-image-size-3 wp-image-716211\" src=\"https:\/\/www.europesays.com\/pt\/wp-content\/uploads\/2025\/12\/b6ed86dbbd45466bb8e164d56a1d03a2-783x450.jpg\" alt=\"\" width=\"700\" height=\"402\"  \/><\/p>\n<p class=\"wp-caption-text bot\">O professor de f\u00edsica Ram\u00f3n M\u00e9ndez Galain, antigo Secret\u00e1rio de Energia do Uruguai<\/p>\n<p><strong>Os cen\u00e1rios de cat\u00e1strofe associados \u00e0s altera\u00e7\u00f5es clim\u00e1ticas deveriam bastar para empurrar os governos a abandonar os combust\u00edveis f\u00f3sseis. Mas talvez sejam hist\u00f3rias de sucesso como a do Ur<\/strong><strong>uguai, em que os mercados e a economia tamb\u00e9m ganham, a mostrar o caminho.<br \/><\/strong><\/p>\n<p>Em 2008, <strong>Ram\u00f3n M\u00e9ndez Galain<\/strong> era um simples professor de F\u00edsica Te\u00f3rica, especializado no estudo do Big Bang, quando o presidente do Uruguai, <strong>Tabar\u00e9 V\u00e1zquez<\/strong>, o surpreendeu com um telefonema a convid\u00e1-lo para o cargo de <strong>Secret\u00e1rio de Energia<\/strong> do pa\u00eds.<\/p>\n<p>Na altura, a economia uruguaia estava a ser <strong>estrangulada pela escalada dos pre\u00e7os<\/strong> do petr\u00f3leo e do g\u00e1s. V\u00e1zquez, m\u00e9dico oncologista que faleceu em 2020, sabia que era necess\u00e1rio transformar o pa\u00eds, e sabia que M\u00e9ndez Galain era a pessoa certa para o fazer.<\/p>\n<p>Cinco anos mais tarde, o Uruguai tinha-se <strong>transformado numa pot\u00eancia<\/strong> das energias verdes, com <strong>98% da eletricidade da sua rede el\u00e9trica <\/strong>a vir de fontes renov\u00e1veis, conta o <a href=\"https:\/\/www.washingtonpost.com\/climate-solutions\/2025\/09\/19\/uruguay-renewable-energy-climate-breakthrough\/\" data-wpel-link=\"external\" target=\"_blank\" rel=\"nofollow external noopener noreferrer\" class=\"ext-link\">The Washington Post<\/a>.<\/p>\n<p>Nos anos em que M\u00e9ndez Galain foi o principal respons\u00e1vel pela pol\u00edtica energ\u00e9tica do pa\u00eds, num per\u00edodo que abrangeu dois governos, o Uruguai instalou dezenas de <strong>centrais de energias renov\u00e1veis<\/strong>.\u00a0 Em apenas 5 anos ap\u00f3s a sua entrada em fun\u00e7\u00f5es, o pa\u00eds <strong>descarbonizou quase por completo a sua rede el\u00e9trica<\/strong>: 98% da energia tem agora origem em fontes renov\u00e1veis.<\/p>\n<p>A <strong>energia e\u00f3lica, por si s\u00f3, consegue produzir at\u00e9 40%<\/strong> da eletricidade total consumida no Uruguai num ano, nota o The Washington Post.<\/p>\n<p>Um dos fatores mais importantes para o sucesso de M\u00e9ndez Galain foi o facto de a sua estrat\u00e9gia ter sido <strong>apoiada por todo o sistema pol\u00edtico uruguaio<\/strong>, o que significou que <strong>n\u00e3o seria revertida com a mudan\u00e7a de govern<\/strong>o.<\/p>\n<p>Com esse consenso, conseguiu m<strong>exer em todo o sistema energ\u00e9tico<\/strong> do pa\u00eds: infraestruturas, regulamenta\u00e7\u00e3o e desenho do mercado.<\/p>\n<p>M\u00e9ndez Galain defende que, <strong>quando se eliminam as vantagens<\/strong> concedidas pelos governos aos combust\u00edveis f\u00f3sseis<strong> e se permite que as renov\u00e1veis concorram<\/strong> em p\u00e9 de igualdade, estas podem tornar-se a <strong>op\u00e7\u00e3o mais barata<\/strong>.<\/p>\n<p>E <strong>n\u00e3o se trata apenas de cortar subs\u00eddios<\/strong> ao petr\u00f3leo e ao g\u00e1s. No Uruguai, conduziu uma mudan\u00e7a para \u201c<strong>mercados de capacidade de longo prazo<\/strong>, dando previsibilidade a investidores e utilities e eliminando o enviesamento que favorecia os combust\u00edveis f\u00f3sseis\u201d.<\/p>\n<p>Outro <strong>elemento-chave<\/strong> da estrat\u00e9gia estrat\u00e9gia de foi Ram\u00f3n M\u00e9ndez Galain foi uma <strong>ferramenta de simula\u00e7\u00e3o<\/strong> que ele pr\u00f3prio desenvolveu, que analisava a estabilidade da rede, a intermit\u00eancia do vento e do sol e a forma como diferentes tecnologias podiam funcionar em conjunto. Esta ferramenta ajudou a difundir a mensagem e a <strong>mostrar que era poss\u00edvel uma realidade diferente<\/strong>.<\/p>\n<p>Atualmente, o Uruguai <strong>produz quase 99% da sua eletricidade<\/strong> a partir de fontes renov\u00e1veis, e apenas uma pequena fra\u00e7\u00e3o, cerca de 1% a 3%, \u00e9 proveniente de <strong>centrais t\u00e9rmicas flex\u00edveis<\/strong>, como as alimentadas a g\u00e1s natural \u2014 que s\u00f3 s\u00e3o usadas quando a energia hidroel\u00e9trica n\u00e3o consegue cobrir totalmente os per\u00edodos em que o vento e o sol s\u00e3o escassos, real\u00e7a a <a href=\"https:\/\/www.forbes.com\/sites\/kensilverstein\/2025\/10\/19\/uruguays-renewable-charge-a-small-nation-a-big-lesson-for-the-world\/\" data-wpel-link=\"external\" target=\"_blank\" rel=\"nofollow external noopener noreferrer\" class=\"ext-link\">Forbes<\/a>.<\/p>\n<p>A transforma\u00e7\u00e3o liderada por M\u00e9ndez Galain <strong>trouxe benef\u00edcios profundos<\/strong> ao Uruguai em v\u00e1rias frentes.<\/p>\n<p><strong>O impacto econ\u00f3mico foi profundo<\/strong>. O custo total de produ\u00e7\u00e3o de eletricidade diminuiu para c<strong>erca de metade<\/strong> do que seria com alternativas f\u00f3sseis e o pa\u00eds atraiu <strong>6 mil milh\u00f5es de d\u00f3lares em investimentos<\/strong> em energias renov\u00e1veis num per\u00edodo de cinco anos \u2014 o equivalente a 12% do seu PIB.<\/p>\n<p>Foram criados <strong>cerca de 50 mil novos empregos na constru\u00e7\u00e3o<\/strong>, engenharia e opera\u00e7\u00e3o, aproximadamente 3% da popula\u00e7\u00e3o ativa. Ainda mais impressionante: o Uruguai <strong>deixou de estar sujeito \u00e0s fortes oscila\u00e7\u00f5es dos mercados<\/strong> globais de combust\u00edveis f\u00f3sseis. Desde ent\u00e3o, a <strong>economia do pa\u00eds tem crescido <\/strong>entre 6% e 8% ao ano e a taxa de <strong>pobreza caiu de 30% para 8%<\/strong>.<\/p>\n<p>Cumprida a sua miss\u00e3o, M\u00e9ndez Galain dirige agora uma organiza\u00e7\u00e3o sem fins lucrativos, a <a href=\"https:\/\/fundacionivy.org\/en\/team\/\" data-wpel-link=\"external\" target=\"_blank\" rel=\"nofollow external noopener noreferrer\" class=\"ext-link\">Funda\u00e7\u00e3o Ivy<\/a>, que <strong>aconselha governos<\/strong> sobre como podem fazer transforma\u00e7\u00f5es semelhantes rumo \u00e0s energias renov\u00e1veis.<\/p>\n<p>M\u00e9ndez Galain espera <strong>ajudar 50 pa\u00edses a fazer a transi\u00e7\u00e3o<\/strong> para renov\u00e1veis nos pr\u00f3ximos dez anos. \u201cQueremos provar que uma transi\u00e7\u00e3o energ\u00e9tica pode ser poss\u00edvel em geografias diferentes e funcionar em contextos nacionais de energia e de pol\u00edtica distintos\u201d, diz Galain \u00e0 Forbes.<\/p>\n<p>Os<strong> cen\u00e1rios de cat\u00e1strofe associados \u00e0s altera\u00e7\u00f5es clim\u00e1ticas<\/strong> deveriam bastar para empurrar os governos a abandonar os combust\u00edveis f\u00f3sseis e a adotar as renov\u00e1veis com toda a urg\u00eancia. Mas talvez sejam <strong>hist\u00f3rias de sucesso <\/strong>como a do Uruguai, em que<strong> os mercados e a economia tamb\u00e9m ganham<\/strong> , que acabem por levar os decisores a agir com coragem.<\/p>\n<p>    <a href=\"https:\/\/zap.aeiou.pt\/subscrever-newsletter\" data-wpel-link=\"internal\" rel=\"nofollow noopener\" target=\"_blank\">&#13;<br \/>\n        <img loading=\"lazy\" decoding=\"async\" class=\"aligncenter size-full wp-image-575475\" src=\"https:\/\/www.europesays.com\/pt\/wp-content\/uploads\/2025\/12\/1765389371_545_2d51fe4a0ba54894421ead1809309ed9-1-450x140.jpg\" alt=\"Subscreva a Newsletter ZAP\" width=\"450\" height=\"140\"\/>&#13;<br \/>\n    <\/a><\/p>\n<p>                <a href=\"https:\/\/whatsapp.com\/channel\/0029VaIC4EE2f3EJZPPSbR34\" data-wpel-link=\"external\" target=\"_blank\" rel=\"nofollow external noopener noreferrer\" class=\"ext-link\">&#13;<br \/>\n                    <img loading=\"lazy\" decoding=\"async\" class=\"aligncenter size-full wp-image-575475\" src=\"https:\/\/www.europesays.com\/pt\/wp-content\/uploads\/2025\/12\/1765389371_770_c68c559d956d4ca20f435ed74a6e71e6.png\" alt=\"Siga-nos no WhatsApp\" width=\"175\" height=\"64\"\/>&#13;<br \/>\n                <\/a><\/p>\n<p>                <a href=\"https:\/\/news.google.com\/publications\/CAAiEHRwZondIV71PDjWNoqMduEqFAgKIhB0cGaJ3SFe9Tw41jaKjHbh?hl=en-US&amp;gl=US&amp;ceid=US%3Aen\" data-wpel-link=\"external\" target=\"_blank\" rel=\"nofollow external noopener noreferrer\" class=\"ext-link\">&#13;<br \/>\n                    <img loading=\"lazy\" decoding=\"async\" class=\"aligncenter size-full wp-image-575475\" src=\"https:\/\/www.europesays.com\/pt\/wp-content\/uploads\/2025\/12\/1765389372_556_5123dd8b087b644fdb8f8603acd1bad4.png\" alt=\"Siga-nos no Google News\" width=\"176\" height=\"64\"\/>&#13;<br \/>\n                <\/a><\/p>\n","protected":false},"excerpt":{"rendered":"Climate Breakthrough O professor de f\u00edsica Ram\u00f3n M\u00e9ndez Galain, antigo Secret\u00e1rio de Energia do Uruguai Os cen\u00e1rios de&hellip;\n","protected":false},"author":2,"featured_media":184215,"comment_status":"","ping_status":"","sticky":false,"template":"","format":"standard","meta":{"footnotes":""},"categories":[83],"tags":[964,88,89,90,2270,32,33,3204,4623],"class_list":{"0":"post-184214","1":"post","2":"type-post","3":"status-publish","4":"format-standard","5":"has-post-thumbnail","7":"category-empresas","8":"tag-ambiente","9":"tag-business","10":"tag-economy","11":"tag-empresas","12":"tag-energia","13":"tag-portugal","14":"tag-pt","15":"tag-sustentabilidade","16":"tag-uruguai"},"share_on_mastodon":{"url":"https:\/\/pubeurope.com\/@pt\/115701532128219816","error":""},"_links":{"self":[{"href":"https:\/\/www.europesays.com\/pt\/wp-json\/wp\/v2\/posts\/184214","targetHints":{"allow":["GET"]}}],"collection":[{"href":"https:\/\/www.europesays.com\/pt\/wp-json\/wp\/v2\/posts"}],"about":[{"href":"https:\/\/www.europesays.com\/pt\/wp-json\/wp\/v2\/types\/post"}],"author":[{"embeddable":true,"href":"https:\/\/www.europesays.com\/pt\/wp-json\/wp\/v2\/users\/2"}],"replies":[{"embeddable":true,"href":"https:\/\/www.europesays.com\/pt\/wp-json\/wp\/v2\/comments?post=184214"}],"version-history":[{"count":0,"href":"https:\/\/www.europesays.com\/pt\/wp-json\/wp\/v2\/posts\/184214\/revisions"}],"wp:featuredmedia":[{"embeddable":true,"href":"https:\/\/www.europesays.com\/pt\/wp-json\/wp\/v2\/media\/184215"}],"wp:attachment":[{"href":"https:\/\/www.europesays.com\/pt\/wp-json\/wp\/v2\/media?parent=184214"}],"wp:term":[{"taxonomy":"category","embeddable":true,"href":"https:\/\/www.europesays.com\/pt\/wp-json\/wp\/v2\/categories?post=184214"},{"taxonomy":"post_tag","embeddable":true,"href":"https:\/\/www.europesays.com\/pt\/wp-json\/wp\/v2\/tags?post=184214"}],"curies":[{"name":"wp","href":"https:\/\/api.w.org\/{rel}","templated":true}]}}