{"id":184216,"date":"2025-12-11T15:00:08","date_gmt":"2025-12-11T15:00:08","guid":{"rendered":"https:\/\/www.europesays.com\/pt\/184216\/"},"modified":"2025-12-11T15:00:08","modified_gmt":"2025-12-11T15:00:08","slug":"ue-prepara-se-para-ataque-a-pais-fundador-para-ajudar-a-ucrania-num-passo-essencial-cnn-portugal","status":"publish","type":"post","link":"https:\/\/www.europesays.com\/pt\/184216\/","title":{"rendered":"UE prepara-se para ataque a pa\u00eds fundador para ajudar a Ucr\u00e2nia num passo essencial &#8211; CNN Portugal"},"content":{"rendered":"<ol>\n<li><a href=\"https:\/\/news.google.com\/rss\/articles\/CBMi_wFBVV95cUxOSlVuWnV6Rmo3NHMtWG50bjRDQ1JBakFrQTRJRE12T0FUYjB3NlUtWVAyQ1ZJLXkyRmZWNEJ6R3lvYmlpQ292Q2IyY1d6c0pwdE5VT1hSWFVucF9RbEgxb1lCejc3ZnJ3UVdLOHVkc0M2SUIwWnBUMlR6dWs2ZzIzUmN4QTFBSl9VX2t4bGcyaFhXaDctRGNib3ZDV1NvWldSWnkxdmIwUm5EUmFqQ0wzZUdfMVgxNmItb0QxY0Y3bmVfZVZjZ0t5VkZqZmJRa2NTeVQ1LWFScTFkSVlrWkd5M3BNMEdoRFVKbGpPWFdySTZfazNvSllIUlFtNTZySTDSAYQCQVVfeXFMTzU2azFKTnNxLVF4TzN0VXl2d1IwYzdzS29wVGltd3YwQ0VMZl8takxJT2xNSFJVS3d2S242eTRQMmZyQjFoSTkyUXJVaUNVSWF6NXZGa1lrTzRQTGI0WTYzbDFOdFEwdU9LMzl3NVpfSG1pMVd5emR0WmFHaHI0bHJXX1V3X2s3TkFPc0M0YUYyczhwT2NpLVhGV1h2TXJjYXBhVXlOcHFsMGNRWWZzcHdTSzB4bE1wYTRaUDhGaDZFUG5VeHhleEFEYm1sdjcxeDNkVjdUV0pkMjM5VXBMeEhDSzM3WnR0ajhmZzdVdEdrU2FsNmFoVnBiNFVnNC1WMnVRdEs?oc=5\" target=\"_blank\" rel=\"nofollow noopener\">UE prepara-se para ataque a pa\u00eds fundador para ajudar a Ucr\u00e2nia num passo essencial<\/a>&nbsp;&nbsp;CNN Portugal<\/li>\n<li><a href=\"https:\/\/news.google.com\/rss\/articles\/CBMi2AFBVV95cUxQTTZxRHBYR3BNWnA5eVpwbDB3LTJUdEhudm9JNzJabTdvZFJOTVEwZF9pM2ZyVWFoUGlPMVVNZ1d1M1U5RGphSndLd21WRXkteWFOZl9URzNtMUhBQUp3ejhQdWQ5cUlBZXJOTk9PZEFwbWVjSl9oMHZSSTJYN2U2b250Uzl0TEltT0NmdHVwZnIyekNpa19ZakdmcVFxQV9xcHkxbVhCdkJaNGFXQlpmbkJ0OTZoLWNKcTNzYjA3RVdmejdsYWNQNU8za1BnN05lQmRKclM4dzLSAecBQVVfeXFMTnQ2M0o3eGRjRlZhTUhFQWdFaVExUHpyTEZYdFByZFNQQzFxQmo3ZEszeGNsWlh1Rzlhc3VIdFdTSGEyV3lsczkweDRTdkFfc1hOQlBtNHFnc0IyU2VIbHBhczFZdFhsT2V3dlc4N1FwQy1icjdUUkZqc2hKQVR1N0xqMmJfbThEMjNCdElSb0ZXR21VLVl0S24yWWNhaFFzeXlsMi1pQ0E3cjBPUkVsd2QwZGhtajMxazlYR2hhRFhiMTdxREZpTHpVbzNLZUlTZFMyMzBZdWsyNWNNUjZDeVV3UlV1Tndr?oc=5\" target=\"_blank\" rel=\"nofollow noopener\">FT: UE corre para contornar Orb\u00e1n em quest\u00e3o sobre ativos russos antes de reuni\u00e3o do bloco<\/a>&nbsp;&nbsp;Valor Econ\u00f4mico<\/li>\n<li><a href=\"https:\/\/news.google.com\/rss\/articles\/CBMirgFBVV95cUxNS3VoLWJpRHg4TTZJa05pZXhCdTE1U19kLVpDSm1zUlhfc2xUb004OTRCRWNEMGllRmp0QjkwRDBQUTBkTmVyYnpnUEdBZWFtdEN1ZE1FOEpVNktLbmhoSDhvaGRZZVgydkRvM2o1YktCVjI3VThobkR6NFZsUWlpa2JYWnBQdV9NLS01YzdTbkY4OFFxNGpRYkU2T2VyY1l1bFdSWUdjc2Z2U1AwV1E?oc=5\" target=\"_blank\" rel=\"nofollow noopener\">Ucr\u00e2nia. PS apela ao Governo que apoie acordo sobre empr\u00e9stimo de repara\u00e7\u00f5es<\/a>&nbsp;&nbsp;Observador<\/li>\n<li><a href=\"https:\/\/news.google.com\/rss\/articles\/CBMi0AFBVV95cUxQMHlQZEk5bEVVcVU5UmZfaE9vZ2pBVE03U3l0MDVIdUtkaHVzRTlGa09XbFV5eFdER2JFengtZnc5MlYzYXk2NmV0RWFWWGE3THAtWVR0Zjh3alN2VWtDQ3FHT3RNM1kxOVlxb1Q4cm1Qcnpael83b1Q5V0c4eEtPTndJeEZGNm83SlYwQlliN080cEpBcExUbEJoTGFZM3JESjZ0VGtub05PcnFsd1FMNGg5eXdQd1FONTBMcmZBTk1jNUJFN3ZkU1RZMFhxMzhZ?oc=5\" target=\"_blank\" rel=\"nofollow noopener\">Empr\u00e9stimo de indemniza\u00e7\u00e3o \u00e0 Ucr\u00e2nia suscita d\u00favidas \u00e0 medida que se aproxima o prazo final<\/a>&nbsp;&nbsp;Euronews.com<\/li>\n<li><a href=\"https:\/\/news.google.com\/rss\/articles\/CBMi5gFBVV95cUxNWktQanlXaWZmb2JCNHRhU3h3WFhpVDdjc1BtTEtwV1FpeS0xb0o0UFFVcXhWQnFzQnphZWJuUnJvcFB4dmsxNXN0Mi0wQzNfZ1hpUTFEMHJvYVJicWQ2UXdLNGxpaGh1Y1l6RnlhVXVXVk02UjBNWlN6R25vNVRMb3RKM2Zha2x6ei1NOVJHMnZoRjNrMlowYzRuZjhQaGs4NjhKc3JFWWlpZnNIM09kWXRGZXQ1bU9zb0ctcWFmU2ozeHNkcDRTQllFSnFaWDV2Unc5M1JabTdESWdfVlhPYmZxU3ExZw?oc=5\" target=\"_blank\" rel=\"nofollow noopener\">Conselho Europeu de 18 e 19 de dezembro \u2013 Carta de convite do presidente Ant\u00f3nio Costa aos membros do Conselho Europeu<\/a>&nbsp;&nbsp;consilium.europa.eu<\/li>\n<\/ol>\n","protected":false},"excerpt":{"rendered":"UE prepara-se para ataque a pa\u00eds fundador para ajudar a Ucr\u00e2nia num passo essencial&nbsp;&nbsp;CNN Portugal FT: UE corre&hellip;\n","protected":false},"author":2,"featured_media":183701,"comment_status":"","ping_status":"","sticky":false,"template":"","format":"standard","meta":{"footnotes":""},"categories":[50],"tags":[27,28,15,16,14,25,26,21,22,62,12,13,19,20,23,24,17,18,29,30,31,63,64,65],"class_list":{"0":"post-184216","1":"post","2":"type-post","3":"status-publish","4":"format-standard","5":"has-post-thumbnail","7":"category-mundo","8":"tag-breaking-news","9":"tag-breakingnews","10":"tag-featured-news","11":"tag-featurednews","12":"tag-headlines","13":"tag-latest-news","14":"tag-latestnews","15":"tag-main-news","16":"tag-mainnews","17":"tag-mundo","18":"tag-news","19":"tag-noticias","20":"tag-noticias-principais","21":"tag-noticiasprincipais","22":"tag-principais-noticias","23":"tag-principaisnoticias","24":"tag-top-stories","25":"tag-topstories","26":"tag-ultimas","27":"tag-ultimas-noticias","28":"tag-ultimasnoticias","29":"tag-world","30":"tag-world-news","31":"tag-worldnews"},"share_on_mastodon":{"url":"https:\/\/pubeurope.com\/@pt\/115701535570843193","error":""},"_links":{"self":[{"href":"https:\/\/www.europesays.com\/pt\/wp-json\/wp\/v2\/posts\/184216","targetHints":{"allow":["GET"]}}],"collection":[{"href":"https:\/\/www.europesays.com\/pt\/wp-json\/wp\/v2\/posts"}],"about":[{"href":"https:\/\/www.europesays.com\/pt\/wp-json\/wp\/v2\/types\/post"}],"author":[{"embeddable":true,"href":"https:\/\/www.europesays.com\/pt\/wp-json\/wp\/v2\/users\/2"}],"replies":[{"embeddable":true,"href":"https:\/\/www.europesays.com\/pt\/wp-json\/wp\/v2\/comments?post=184216"}],"version-history":[{"count":0,"href":"https:\/\/www.europesays.com\/pt\/wp-json\/wp\/v2\/posts\/184216\/revisions"}],"wp:featuredmedia":[{"embeddable":true,"href":"https:\/\/www.europesays.com\/pt\/wp-json\/wp\/v2\/media\/183701"}],"wp:attachment":[{"href":"https:\/\/www.europesays.com\/pt\/wp-json\/wp\/v2\/media?parent=184216"}],"wp:term":[{"taxonomy":"category","embeddable":true,"href":"https:\/\/www.europesays.com\/pt\/wp-json\/wp\/v2\/categories?post=184216"},{"taxonomy":"post_tag","embeddable":true,"href":"https:\/\/www.europesays.com\/pt\/wp-json\/wp\/v2\/tags?post=184216"}],"curies":[{"name":"wp","href":"https:\/\/api.w.org\/{rel}","templated":true}]}}