{"id":184219,"date":"2025-12-11T15:02:13","date_gmt":"2025-12-11T15:02:13","guid":{"rendered":"https:\/\/www.europesays.com\/pt\/184219\/"},"modified":"2025-12-11T15:02:13","modified_gmt":"2025-12-11T15:02:13","slug":"afinal-nao-ha-perdao-liliana-filipa-apanhada-a-apagar-imagem-de-daniel-gregorio-de-um-dos-momentos-mais-felizes-da-vida-do-casal-flash-pt","status":"publish","type":"post","link":"https:\/\/www.europesays.com\/pt\/184219\/","title":{"rendered":"Afinal, n\u00e3o h\u00e1 perd\u00e3o! Liliana Filipa &quot;apanhada&quot; a apagar imagem de Daniel Greg\u00f3rio de um dos momentos mais felizes da vida do casal &#8211; Flash.pt"},"content":{"rendered":"<ol>\n<li><a href=\"https:\/\/news.google.com\/rss\/articles\/CBMi_wFBVV95cUxPcE8yZUpZZERvWUd3dTlqUDZTUjZIS2FxS0ZrRU1lb29tWlgtVEhXQWtSYnNxU0RtR3hIZzlSbmJZNUZQdEpabEl1cF8zdHRhdlZQa3MwR3R4dDRsSHVpQmNldFJSU20zbGROTjVzZEJGZk1RVGxjQWJrOTRuS3A2WllyVFo1UFFDMk14MFdqdGcxVTNvdmlOSV9NQTAwY2FQbWxqUHAyQ3FTMmtZcXltektYNTc4NVNKOVMzM2RTa1lpd2VLOFd6NVI5eFZ1OGVrWTRvTGhWZU45TzJyMG9KS1lUMHRBd3prZGt4UlQ1MTlUV0RrOEpZM3RUcVBZQk3SAfoBQVVfeXFMTjZEZ2ltZHJjOXo5YUFGbC01YW1iaTF2N21TaDd2RmxaN09Bd0VOLVJGVEtFRGNxaTlaYU1NUHlHLWhWUERfVUJ0WDlXV2pKU19EdXdJVEFLZm8zX0o4M01ZaVNzMUJ2RzhQelFVVXVmYkl6RUhwdlRUSXhkSWJPZ092ODRDQlY0WXcxZHU0TGxSNWlWTjVXS0FpU08wWUUzVDN4YmhnbEJpbnV1RzRzWktLNFZNV2FyQ1dxRHY4RkJmNFNGRG5sRGpkdElkWXR0SWExR2k3ODQ3M0txdVlweHhEeVdIek9QdFpBSkV5c3BxTWVXMEd4NFFnUQ?oc=5\" target=\"_blank\" rel=\"nofollow noopener\">Afinal, n\u00e3o h\u00e1 perd\u00e3o! Liliana Filipa &#8220;apanhada&#8221; a apagar imagem de Daniel Greg\u00f3rio de um dos momentos mais felizes da vida do casal<\/a>&nbsp;&nbsp;Flash.pt<\/li>\n<li><a href=\"https:\/\/news.google.com\/rss\/articles\/CBMiuAFBVV95cUxPYVptTGFwSmNQUlR1TDh0YUR4eWhhM0gxSy1QektQTTJnZzFEcDg5eTBaUlR0LWNFaVZEQ1EyRzgzVTZsRC1PNU15cUVFQTNSQlRtbXEyTmZSMkdQYnVORm9ud0lRLWFodUptVWcwVFBkU2tiaWVCWmFWRFh2RXRTdTlqTUlDdXBraFl3MVUyVGVxdG1Mc3A5anJZUUFjcFRGb2F0LXRBWWdDNVltZTZYYk5fbHhSa1dH?oc=5\" target=\"_blank\" rel=\"nofollow noopener\">Vingan\u00e7a! Liliana Filipa apaga Daniel Greg\u00f3rio de fotografia com o filho<\/a>&nbsp;&nbsp;cmjornal.pt<\/li>\n<li><a href=\"https:\/\/news.google.com\/rss\/articles\/CBMimwFBVV95cUxQT1Ruc1NqTUduTE1VWHdWNkNIbVZvYURyVjN5S3NSQWZmVG9NclVadjRrYzhQNy0xUlZ4WVNIVFRPc05xS1FnZkU4eDFFcS12TllxNGZuQnExT0NBQ2NCOHdoUmd5Tk83TFVjeVdadldHbmE0YWpKdTJHcVlmM0UzQzYzTFduTkxPVWFibXBfM2dIU0RCSEJCcFlpUQ?oc=5\" target=\"_blank\" rel=\"nofollow noopener\">\u201cFaz seis anos hoje que nasceu o meu melhor amigo para todo o sempre\u201d<\/a>&nbsp;&nbsp;On fm<\/li>\n<li><a href=\"https:\/\/news.google.com\/rss\/articles\/CBMigAJBVV95cUxPZDhIUEQ4bEd4ZGFnbW1MS0IyVlg4LVNHVU5Kc3c3VWVyNkpNR3NFVzZzSk9vVl9rMndTNnVjaVpVVlNPN1h0M1V3cjVjdG9tV3VjWG9SZk45RFhHWlZTdFFjMmRNU1NfNHVVMWhQNGVzYkFnUGc2ZUxycjJkc3NwZmxIRkV1eGo3ZWhlYy1BZlJaV1dHa1NBLXE3cExZNTdqeEZKWEtjTDRDRXcwRkxRU01EV09aMnl2N1hWR1Foc1ZGbG9zZUNwNEpoZHBjM2xMamZramZNVDk1RmdHc1dxZ05rUGpoTDBtYlFXbGF0NmFvQS1aSVZJQlJMV2Z1NGRs0gGGAkFVX3lxTE5PSWlQWUUtUGYwcENGb1hyeEQtUV96dVRpNW9PbXIxalFQalVDNEdxT05LeHRDSlZBU1NOMzRUWlMxZkN5Z253bTEya1h0U09XTlF1NWxFWDlDMWRZXy1VUVZmQUhzOFNHRHE1dG51NjFheXhsNmlVa2JTSzJmLWhRcXpVbmdnX25ib0kxMk9abk1KTE9UZVBvd09DWTlOZzdYZVZmVjlsVW90UzV2ZTVDTGJpY2xvQXRiUl9SSnZPMHh5TWlHa3o0NEVhVzlIajZnZjNlYzRyME5tNHY1SmZFLUR2VWZMQl9YRXZ5cERaTmJXeFd1SXpvWm5Pd3NmUVRzeE4yTUE?oc=5\" target=\"_blank\" rel=\"nofollow noopener\">Rumores de separa\u00e7\u00e3o adensam-se. Daniel Greg\u00f3rio &#8216;reaparece&#8217; na Internet e h\u00e1 um pormenor que est\u00e1 a dar que falar<\/a>&nbsp;&nbsp;TVI<\/li>\n<li><a href=\"https:\/\/news.google.com\/rss\/articles\/CBMi2gFBVV95cUxPQV9jaDVNSFdCeVVyc3U3NElzMkF1V1FfcWZvOVNibUg4dVBYMTQxUmJkclJxMHM3YWlJUnRVa3ZMZ0hrcXk0d1JzYkI4aW94TmpyUnY4N01DdWo0YW9hM3lQbnRFcHNoaHJTWlplWk1ZRHZ3REhCZ1pmWkpSUXZDV3hhTnRJZDdXbUVqZm40aTQtU1gyRWNrSnRqYWp6bGVuZ0c4YXZnZzQ3Nnp4QzhGREJBeU9fbXVoRHo5Rm9iVE0wS3ZlSFdaVXc0RW5nWWFYRmVvaU9EWjBQQQ?oc=5\" target=\"_blank\" rel=\"nofollow noopener\">Publica\u00e7\u00e3o de Daniel Greg\u00f3rio chama a aten\u00e7\u00e3o: &#8220;H\u00e1 um lado de marketing aqui e n\u00e3o \u00e9 pouco&#8221;<\/a>&nbsp;&nbsp;Fama Show<\/li>\n<\/ol>\n","protected":false},"excerpt":{"rendered":"Afinal, n\u00e3o h\u00e1 perd\u00e3o! Liliana Filipa &#8220;apanhada&#8221; a apagar imagem de Daniel Greg\u00f3rio de um dos momentos mais&hellip;\n","protected":false},"author":2,"featured_media":183701,"comment_status":"","ping_status":"","sticky":false,"template":"","format":"standard","meta":{"footnotes":""},"categories":[8],"tags":[27,28,15,16,14,25,26,21,22,12,13,19,20,32,23,24,33,17,18,29,30,31],"class_list":{"0":"post-184219","1":"post","2":"type-post","3":"status-publish","4":"format-standard","5":"has-post-thumbnail","7":"category-principais-noticias","8":"tag-breaking-news","9":"tag-breakingnews","10":"tag-featured-news","11":"tag-featurednews","12":"tag-headlines","13":"tag-latest-news","14":"tag-latestnews","15":"tag-main-news","16":"tag-mainnews","17":"tag-news","18":"tag-noticias","19":"tag-noticias-principais","20":"tag-noticiasprincipais","21":"tag-portugal","22":"tag-principais-noticias","23":"tag-principaisnoticias","24":"tag-pt","25":"tag-top-stories","26":"tag-topstories","27":"tag-ultimas","28":"tag-ultimas-noticias","29":"tag-ultimasnoticias"},"share_on_mastodon":{"url":"https:\/\/pubeurope.com\/@pt\/115701543526422050","error":""},"_links":{"self":[{"href":"https:\/\/www.europesays.com\/pt\/wp-json\/wp\/v2\/posts\/184219","targetHints":{"allow":["GET"]}}],"collection":[{"href":"https:\/\/www.europesays.com\/pt\/wp-json\/wp\/v2\/posts"}],"about":[{"href":"https:\/\/www.europesays.com\/pt\/wp-json\/wp\/v2\/types\/post"}],"author":[{"embeddable":true,"href":"https:\/\/www.europesays.com\/pt\/wp-json\/wp\/v2\/users\/2"}],"replies":[{"embeddable":true,"href":"https:\/\/www.europesays.com\/pt\/wp-json\/wp\/v2\/comments?post=184219"}],"version-history":[{"count":0,"href":"https:\/\/www.europesays.com\/pt\/wp-json\/wp\/v2\/posts\/184219\/revisions"}],"wp:featuredmedia":[{"embeddable":true,"href":"https:\/\/www.europesays.com\/pt\/wp-json\/wp\/v2\/media\/183701"}],"wp:attachment":[{"href":"https:\/\/www.europesays.com\/pt\/wp-json\/wp\/v2\/media?parent=184219"}],"wp:term":[{"taxonomy":"category","embeddable":true,"href":"https:\/\/www.europesays.com\/pt\/wp-json\/wp\/v2\/categories?post=184219"},{"taxonomy":"post_tag","embeddable":true,"href":"https:\/\/www.europesays.com\/pt\/wp-json\/wp\/v2\/tags?post=184219"}],"curies":[{"name":"wp","href":"https:\/\/api.w.org\/{rel}","templated":true}]}}