{"id":184221,"date":"2025-12-11T15:04:12","date_gmt":"2025-12-11T15:04:12","guid":{"rendered":"https:\/\/www.europesays.com\/pt\/184221\/"},"modified":"2025-12-11T15:04:12","modified_gmt":"2025-12-11T15:04:12","slug":"arquitetos-da-ia-sao-escolhidos-como-personalidade-de-2025-pela-time","status":"publish","type":"post","link":"https:\/\/www.europesays.com\/pt\/184221\/","title":{"rendered":"&#8216;Arquitetos da IA&#8217; s\u00e3o escolhidos como personalidade de 2025 pela Time"},"content":{"rendered":"<p class=\"bullet mt-0\" data-v-232111b4=\"\"><strong>Outros nomes tamb\u00e9m foram considerados para a homenagem da Time.<\/strong> Entre eles estavam o papa Le\u00e3o 14 \u2014o primeiro papa americano, eleito ap\u00f3s a morte do papa Francisco\u2014, o presidente Donald Trump, o primeiro-ministro de Israel, Benjamin Netanyahu, e o prefeito eleito de Nova York, Zohran Mamdani.<\/p>\n<p>Impacto da escolha<\/p>\n<p class=\"bullet\" data-v-232111b4=\"\"><strong>A escolha dos &#8220;Arquitetos da IA&#8221; reflete o impacto crescente da intelig\u00eancia artificial em 2025.<\/strong> O ano foi marcado por debates sobre os benef\u00edcios e riscos da IA, com avan\u00e7os acelerados em \u00e1reas como automa\u00e7\u00e3o, gera\u00e7\u00e3o de conte\u00fado e decis\u00f5es automatizadas, al\u00e9m de discuss\u00f5es sobre \u00e9tica e regulamenta\u00e7\u00e3o.<\/p>\n<p class=\"bullet\" data-v-232111b4=\"\"><strong>Em anos anteriores, a Time destacou figuras de grande influ\u00eancia global.<\/strong> Em 2024, Donald Trump foi escolhido personalidade do ano ap\u00f3s vencer novamente a elei\u00e7\u00e3o presidencial dos Estados Unidos. J\u00e1 em 2023, a cantora Taylor Swift recebeu o t\u00edtulo.<\/p>\n","protected":false},"excerpt":{"rendered":"Outros nomes tamb\u00e9m foram considerados para a homenagem da Time. Entre eles estavam o papa Le\u00e3o 14 \u2014o&hellip;\n","protected":false},"author":2,"featured_media":184222,"comment_status":"","ping_status":"","sticky":false,"template":"","format":"standard","meta":{"footnotes":""},"categories":[144],"tags":[207,205,206,203,201,202,204,114,115,32,33],"class_list":{"0":"post-184221","1":"post","2":"type-post","3":"status-publish","4":"format-standard","5":"has-post-thumbnail","7":"category-arte-e-design","8":"tag-arte","9":"tag-arte-e-design","10":"tag-artedesign","11":"tag-arts","12":"tag-arts-and-design","13":"tag-artsanddesign","14":"tag-design","15":"tag-entertainment","16":"tag-entretenimento","17":"tag-portugal","18":"tag-pt"},"share_on_mastodon":{"url":"https:\/\/pubeurope.com\/@pt\/115701551062091426","error":""},"_links":{"self":[{"href":"https:\/\/www.europesays.com\/pt\/wp-json\/wp\/v2\/posts\/184221","targetHints":{"allow":["GET"]}}],"collection":[{"href":"https:\/\/www.europesays.com\/pt\/wp-json\/wp\/v2\/posts"}],"about":[{"href":"https:\/\/www.europesays.com\/pt\/wp-json\/wp\/v2\/types\/post"}],"author":[{"embeddable":true,"href":"https:\/\/www.europesays.com\/pt\/wp-json\/wp\/v2\/users\/2"}],"replies":[{"embeddable":true,"href":"https:\/\/www.europesays.com\/pt\/wp-json\/wp\/v2\/comments?post=184221"}],"version-history":[{"count":0,"href":"https:\/\/www.europesays.com\/pt\/wp-json\/wp\/v2\/posts\/184221\/revisions"}],"wp:featuredmedia":[{"embeddable":true,"href":"https:\/\/www.europesays.com\/pt\/wp-json\/wp\/v2\/media\/184222"}],"wp:attachment":[{"href":"https:\/\/www.europesays.com\/pt\/wp-json\/wp\/v2\/media?parent=184221"}],"wp:term":[{"taxonomy":"category","embeddable":true,"href":"https:\/\/www.europesays.com\/pt\/wp-json\/wp\/v2\/categories?post=184221"},{"taxonomy":"post_tag","embeddable":true,"href":"https:\/\/www.europesays.com\/pt\/wp-json\/wp\/v2\/tags?post=184221"}],"curies":[{"name":"wp","href":"https:\/\/api.w.org\/{rel}","templated":true}]}}