{"id":184223,"date":"2025-12-11T15:06:23","date_gmt":"2025-12-11T15:06:23","guid":{"rendered":"https:\/\/www.europesays.com\/pt\/184223\/"},"modified":"2025-12-11T15:06:23","modified_gmt":"2025-12-11T15:06:23","slug":"merv-e-serie-com-diane-kruger-o-que-ver-nesta-quinta-10-12-2025-ilustrada","status":"publish","type":"post","link":"https:\/\/www.europesays.com\/pt\/184223\/","title":{"rendered":"&#8216;Merv&#8217; e s\u00e9rie com Diane Kruger: o que ver nesta quinta &#8211; 10\/12\/2025 &#8211; Ilustrada"},"content":{"rendered":"<p>&#8220;Merv&#8221; \u00e9 uma com\u00e9dia rom\u00e2ntica estrelada por <a href=\"https:\/\/f5.folha.uol.com.br\/celebridades\/2019\/09\/zooey-deschanel-e-vista-com-jonathan-scott-de-irmaos-a-obra-dias-apos-anunciar-separacao.shtml\" rel=\"nofollow noopener\" target=\"\">Zooey Deschanel<\/a>, <a href=\"https:\/\/www1.folha.uol.com.br\/ilustrada\/2025\/04\/demolidor-renascido-e-adaptacao-mais-madura-de-um-gibi-nas-telas.shtml\" rel=\"nofollow noopener\" target=\"\">Charlie Cox<\/a> e um cachorro chamado Merv. Os atores vivem um ex-casal obrigado a conviver quando o c\u00e3o entra em depress\u00e3o ap\u00f3s a separa\u00e7\u00e3o. Para anim\u00e1-lo, Russ o leva para Miami, onde Anna reaparece. A conviv\u00eancia reabre feridas, mas, aos poucos, Merv melhora.<\/p>\n<p><strong>Onde ver<\/strong>: Prime Video, 12 anos<\/p>\n<p>Pequenos Desastres<\/p>\n<p><strong>Onde ver<\/strong>: Paramount+, 14 anos<\/p>\n<p>S\u00e9rie de suspense psicol\u00f3gico estrelada por <a href=\"https:\/\/f5.folha.uol.com.br\/celebridades\/2022\/04\/diane-kruger-diz-que-quase-bateu-em-paparazzi-que-fotograva-sua-filha.shtml\" rel=\"nofollow noopener\" target=\"\">Diane Kruger<\/a> sobre os desafios da maternidade e amizade entre quatro mulheres. Jess leva sua beb\u00ea ao pronto-socorro com uma les\u00e3o inexplic\u00e1vel, for\u00e7ando a m\u00e9dica Liz a tomar uma decis\u00e3o chocante.<\/p>\n<p>Simon Cowell: O Pr\u00f3ximo Sucesso<\/p>\n<p><strong>Onde ver<\/strong>: Netflix, 12 anos<\/p>\n<p>O produtor musical e idealizador da banda <a href=\"https:\/\/f5.folha.uol.com.br\/celebridades\/2025\/01\/one-direction-pode-se-reunir-para-homenagem-a-liam-payne-no-brit-awards-2025.shtml\" rel=\"nofollow noopener\" target=\"\">One Direction<\/a> vive uma nova empreitada \u2014montar uma boy-band do zero. A docuss\u00e9rie mostra o processo, das audi\u00e7\u00f5es \u00e0 sele\u00e7\u00e3o, do treinamento \u00e0 prepara\u00e7\u00e3o de repert\u00f3rio, at\u00e9 o lan\u00e7amento do primeiro single.<\/p>\n<p>Diminuta<\/p>\n<p><strong>Onde ver<\/strong>: Belas Artes \u00e0 la Carte, 14 anos<\/p>\n<p>Ap\u00f3s a morte de seu pai, um saxofonista italiano recome\u00e7a a vida no Brasil como corretor de seguros. Uma viagem \u00e0 It\u00e1lia reacende sua paix\u00e3o pela m\u00fasica. Dirigido por Bruno Sagli, o filme foi rodado na serra ga\u00facha e no V\u00eaneto, na <a href=\"https:\/\/www1.folha.uol.com.br\/folha-topicos\/italia\/\" rel=\"nofollow noopener\" target=\"\">It\u00e1lia<\/a>.<\/p>\n<p>Matrix e Matrix Revolutions<\/p>\n<p><strong>Onde ver<\/strong>: Megapix, 18h40 e 21h, 14 anos<\/p>\n<p>No primeiro filme das <a href=\"https:\/\/f5.folha.uol.com.br\/celebridades\/2016\/03\/10000819-andy-wachowski-cineasta-que-criou-matrix-assume-transexualidade.shtml\" rel=\"nofollow noopener\" target=\"\">irm\u00e3s Wachowski<\/a>, <a href=\"https:\/\/f5.folha.uol.com.br\/celebridades\/2022\/01\/keanu-reeves-tem-vergonha-de-fortuna-e-presenteia-equipe-com-motos-e-relogios.shtml\" rel=\"nofollow noopener\" target=\"\">Keanu Reeves<\/a> \u00e9 um jovem programador de computador que descobre ser v\u00edtima da Matrix. Ele ent\u00e3o se revela como Neo e enfrenta o sistema que manipula a mente das pessoas. Em &#8220;Matrix Revolutions&#8221;, Neo \u00e9 a maior esperan\u00e7a de toda a humanidade.<\/p>\n<p>Ci\u00eancia na Mira<\/p>\n<p><strong>Onde ver<\/strong>: Curta!, 22h30, livre<\/p>\n<p>O document\u00e1rio retrata o embate entre os movimentos antici\u00eancia e a tentativa de sobreviv\u00eancia de quatro cientistas brasileiros perseguidos por causa de suas pesquisas \u2014<a href=\"https:\/\/www1.folha.uol.com.br\/autores\/marcus-lacerda.shtml\" rel=\"nofollow noopener\" target=\"\">Marcus Lacerda<\/a>, <a href=\"https:\/\/www1.folha.uol.com.br\/ilustrissima\/2023\/10\/agrotoxicos-criam-colonialismo-que-chega-as-celulas-diz-larissa-bombardi.shtml\" rel=\"nofollow noopener\" target=\"\">Larissa Bombardi<\/a>, <a href=\"https:\/\/www1.folha.uol.com.br\/ilustrissima\/2022\/03\/por-que-o-aborto-desperta-a-furia-patriarcal-segundo-debora-diniz.shtml\" rel=\"nofollow noopener\" target=\"\">Debora Diniz<\/a> e <a href=\"https:\/\/www1.folha.uol.com.br\/ciencia\/2025\/10\/ricardo-galvao-deixa-presidencia-do-cnpq-para-substituir-boulos-na-camara.shtml\" rel=\"nofollow noopener\" target=\"\">Ricardo Galv\u00e3o<\/a>.<\/p>\n<p>Sem Censura<\/p>\n<p><strong>Onde ver<\/strong>: TV Brasil, 16h, livre<\/p>\n<p>Cotada para o Oscar pelo document\u00e1rio &#8220;<a href=\"https:\/\/www1.folha.uol.com.br\/ilustrissima\/2025\/07\/apocalipse-nos-tropicos-mostra-impacto-desolador-da-religiao-no-poder.shtml\" rel=\"nofollow noopener\" target=\"\">Apocalipse nos Tr\u00f3picos<\/a>&#8220;, <a href=\"https:\/\/www1.folha.uol.com.br\/ilustrissima\/2025\/06\/esquerda-ainda-nao-tem-respostas-para-apocalipse-iminente-diz-petra-costa.shtml\" rel=\"nofollow noopener\" target=\"\">Petra Costa<\/a> fala sobre sua filmografia. O ator Rodrigo Penna fala do espet\u00e1culo &#8220;Aurora \u2013 Uma Homenagem \u00e0 Obra de Paulo Mendes Campos&#8221;.<\/p>\n","protected":false},"excerpt":{"rendered":"&#8220;Merv&#8221; \u00e9 uma com\u00e9dia rom\u00e2ntica estrelada por Zooey Deschanel, Charlie Cox e um cachorro chamado Merv. Os atores&hellip;\n","protected":false},"author":2,"featured_media":184224,"comment_status":"","ping_status":"","sticky":false,"template":"","format":"standard","meta":{"footnotes":""},"categories":[142],"tags":[11098,207,6249,470,32875,1414,114,115,471,236,2595,22666,17985,22506,1623,716,1409,364,32,33,37516,941,37517,940,218,151,3787,600,37518],"class_list":{"0":"post-184223","1":"post","2":"type-post","3":"status-publish","4":"format-standard","5":"has-post-thumbnail","7":"category-tv","8":"tag-academia-de-cinema","9":"tag-arte","10":"tag-cachorro","11":"tag-cinema","12":"tag-diane-kruger","13":"tag-documentario","14":"tag-entertainment","15":"tag-entretenimento","16":"tag-filme","17":"tag-folha","18":"tag-hollywood","19":"tag-keanu-reeves","20":"tag-matrix","21":"tag-megapix","22":"tag-multitela","23":"tag-netflix","24":"tag-oscar","25":"tag-paramount","26":"tag-portugal","27":"tag-pt","28":"tag-ricardo-galvao","29":"tag-series","30":"tag-simon-cowell","31":"tag-streaming","32":"tag-televisao","33":"tag-tv","34":"tag-tv-brasil","35":"tag-veja-video","36":"tag-zooey-deschanel"},"share_on_mastodon":{"url":"https:\/\/pubeurope.com\/@pt\/115701559243603891","error":""},"_links":{"self":[{"href":"https:\/\/www.europesays.com\/pt\/wp-json\/wp\/v2\/posts\/184223","targetHints":{"allow":["GET"]}}],"collection":[{"href":"https:\/\/www.europesays.com\/pt\/wp-json\/wp\/v2\/posts"}],"about":[{"href":"https:\/\/www.europesays.com\/pt\/wp-json\/wp\/v2\/types\/post"}],"author":[{"embeddable":true,"href":"https:\/\/www.europesays.com\/pt\/wp-json\/wp\/v2\/users\/2"}],"replies":[{"embeddable":true,"href":"https:\/\/www.europesays.com\/pt\/wp-json\/wp\/v2\/comments?post=184223"}],"version-history":[{"count":0,"href":"https:\/\/www.europesays.com\/pt\/wp-json\/wp\/v2\/posts\/184223\/revisions"}],"wp:featuredmedia":[{"embeddable":true,"href":"https:\/\/www.europesays.com\/pt\/wp-json\/wp\/v2\/media\/184224"}],"wp:attachment":[{"href":"https:\/\/www.europesays.com\/pt\/wp-json\/wp\/v2\/media?parent=184223"}],"wp:term":[{"taxonomy":"category","embeddable":true,"href":"https:\/\/www.europesays.com\/pt\/wp-json\/wp\/v2\/categories?post=184223"},{"taxonomy":"post_tag","embeddable":true,"href":"https:\/\/www.europesays.com\/pt\/wp-json\/wp\/v2\/tags?post=184223"}],"curies":[{"name":"wp","href":"https:\/\/api.w.org\/{rel}","templated":true}]}}