{"id":184227,"date":"2025-12-11T15:09:11","date_gmt":"2025-12-11T15:09:11","guid":{"rendered":"https:\/\/www.europesays.com\/pt\/184227\/"},"modified":"2025-12-11T15:09:11","modified_gmt":"2025-12-11T15:09:11","slug":"mais-uma-promessa-do-benfica-que-promete-brilhar-nas-maos-de-jose-mourinho-quem-e-tiago-freitas","status":"publish","type":"post","link":"https:\/\/www.europesays.com\/pt\/184227\/","title":{"rendered":"Mais uma promessa do Benfica que promete brilhar nas m\u00e3os de Jos\u00e9 Mourinho: quem \u00e9 Tiago Freitas?"},"content":{"rendered":"<p>&#8211; Advertisement &#8211;<\/p>\n<p><strong>Jos\u00e9 Mourinho lan\u00e7ou nos minutos finais do Benfica 2-0 N\u00e1poles o jovem Tiago Freitas, op\u00e7\u00e3o regular na equipa B das \u00e1guias. <\/strong><\/p>\n<p>Tiago Freitas entrou pela primeira vez em campo com a camisola do Benfica durante o encontro frente ao N\u00e1poles, jogo da sexta jornada da Champions League. O m\u00e9dio atuou nos minutos finais da partida. <\/p>\n<p>O jovem tem-se treinado com a equipa principal, embora seja op\u00e7\u00e3o frequente no Benfia B, somando 12 encontros, com dois golos e duas assist\u00eancias. Tamb\u00e9m tem sido usado pelos juniores na Youth League, com quatro partidas e duas assist\u00eancias.<\/p>\n<p>Tiago Freitas j\u00e1 passou em 2024\/25 pelos Sub-23, com dois jogos disputados. O m\u00e9dio tem apenas 19 anos e \u00e9 visto como um dos nomes de futuro do Benfica. Chegou ao Seixal em 2018 para integrar os escal\u00f5es de forma\u00e7\u00e3o, depois de atuar no Distrito de Viseu, ao servi\u00e7o d\u2019O Crasto e da Casa de Benfica de Viseu.<\/p>\n<p>O seu contrato \u00e9 v\u00e1lido at\u00e9 junho de 2029 e promete somar mais minutos pelas m\u00e3os de Jos\u00e9 Mourinho at\u00e9 ao final da temporada. Eis o hist\u00f3rico recente de Tiago Freitas:<\/p>\n<ul class=\"wp-block-list\">\n<li><strong>2024\/25:<\/strong> Benfica B: 1 jogo | Benfica Sub-23: 29 jogos, 3 golos e 3 assist\u00eancias | Benfica Sub-19: 6 jogos e 1 assist\u00eancia<\/li>\n<li><strong>2025\/26:<\/strong> Benfica: 1 jogo | Benfica B: 12 jogos, 2 golos e 2 assist\u00eancias | Benfica Sub-23: 2 jogos | Benfica Sub-19: 4 jogos e 2 assist\u00eancias<\/li>\n<\/ul>\n<p>Jos\u00e9 Neto foi o outro jogador a ser lan\u00e7ado por Jos\u00e9 Mourinho. Podes ficar a conhec\u00ea-lo melhor <a href=\"https:\/\/bolanarede.pt\/especial-bola-na-rede\/atualidade\/jose-mourinho-esta-atento-futuro-das-laterais-do-benfica-pode-estar-no-seixal\/\" target=\"_blank\" rel=\"noreferrer noopener nofollow\">neste artigo<\/a>.<\/p>\n","protected":false},"excerpt":{"rendered":"&#8211; Advertisement &#8211; Jos\u00e9 Mourinho lan\u00e7ou nos minutos finais do Benfica 2-0 N\u00e1poles o jovem Tiago Freitas, op\u00e7\u00e3o&hellip;\n","protected":false},"author":2,"featured_media":184228,"comment_status":"","ping_status":"","sticky":false,"template":"","format":"standard","meta":{"footnotes":""},"categories":[87],"tags":[260,51,135,32,479,33,134,37519],"class_list":{"0":"post-184227","1":"post","2":"type-post","3":"status-publish","4":"format-standard","5":"has-post-thumbnail","7":"category-desporto","8":"tag-atualidade","9":"tag-benfica","10":"tag-desporto","11":"tag-portugal","12":"tag-primeira-liga","13":"tag-pt","14":"tag-sports","15":"tag-tiago-freitas"},"share_on_mastodon":{"url":"https:\/\/pubeurope.com\/@pt\/115701570947612318","error":""},"_links":{"self":[{"href":"https:\/\/www.europesays.com\/pt\/wp-json\/wp\/v2\/posts\/184227","targetHints":{"allow":["GET"]}}],"collection":[{"href":"https:\/\/www.europesays.com\/pt\/wp-json\/wp\/v2\/posts"}],"about":[{"href":"https:\/\/www.europesays.com\/pt\/wp-json\/wp\/v2\/types\/post"}],"author":[{"embeddable":true,"href":"https:\/\/www.europesays.com\/pt\/wp-json\/wp\/v2\/users\/2"}],"replies":[{"embeddable":true,"href":"https:\/\/www.europesays.com\/pt\/wp-json\/wp\/v2\/comments?post=184227"}],"version-history":[{"count":0,"href":"https:\/\/www.europesays.com\/pt\/wp-json\/wp\/v2\/posts\/184227\/revisions"}],"wp:featuredmedia":[{"embeddable":true,"href":"https:\/\/www.europesays.com\/pt\/wp-json\/wp\/v2\/media\/184228"}],"wp:attachment":[{"href":"https:\/\/www.europesays.com\/pt\/wp-json\/wp\/v2\/media?parent=184227"}],"wp:term":[{"taxonomy":"category","embeddable":true,"href":"https:\/\/www.europesays.com\/pt\/wp-json\/wp\/v2\/categories?post=184227"},{"taxonomy":"post_tag","embeddable":true,"href":"https:\/\/www.europesays.com\/pt\/wp-json\/wp\/v2\/tags?post=184227"}],"curies":[{"name":"wp","href":"https:\/\/api.w.org\/{rel}","templated":true}]}}