{"id":184229,"date":"2025-12-11T15:10:23","date_gmt":"2025-12-11T15:10:23","guid":{"rendered":"https:\/\/www.europesays.com\/pt\/184229\/"},"modified":"2025-12-11T15:10:23","modified_gmt":"2025-12-11T15:10:23","slug":"riscos-de-deixar-alimentos-fora-da-geladeira-por-muito-tempo-no-calor","status":"publish","type":"post","link":"https:\/\/www.europesays.com\/pt\/184229\/","title":{"rendered":"Riscos de deixar alimentos fora da geladeira por muito tempo no calor"},"content":{"rendered":"<p>Com a chegada do ver\u00e3o e das festas de fim de ano, \u00e9 comum vermos mesas repletas de pratos saborosos, confraterniza\u00e7\u00f5es cheias e rotinas agitadas. Mas um detalhe importante acaba passando despercebido: o tempo que os alimentos ficam fora da geladeira. No calor, esse descuido pode trazer s\u00e9rios riscos \u00e0 sa\u00fade e aumentar significativamente os casos de intoxica\u00e7\u00e3o alimentar, que nesta \u00e9poca do ano crescem de forma alarmante.<\/p>\n<p>Por que o calor acelera a deteriora\u00e7\u00e3o dos alimentos?<\/p>\n<p>As altas temperaturas criam o cen\u00e1rio ideal para a multiplica\u00e7\u00e3o de micro-organismos, como bact\u00e9rias, fungos e v\u00edrus. Muitos deles se proliferam rapidamente quando a comida permanece entre 5\u00b0C e 60\u00b0C, conhecida como zona de perigo, onde podem dobrar em quantidade a cada 20 minutos.<\/p>\n<p>Quando isso acontece, mesmo alimentos aparentemente \u201cbons\u201d podem estar contaminados.<\/p>\n<p>Quais s\u00e3o os alimentos mais sens\u00edveis ao calor?<\/p>\n<p>Alguns grupos exigem aten\u00e7\u00e3o redobrada:<\/p>\n<ul class=\"wp-block-list\">\n<li>Carnes, frango e peixe<\/li>\n<li>Leite e derivados (queijos, iogurtes, sobremesas l\u00e1cteas)<\/li>\n<li>Ovos e prepara\u00e7\u00f5es com ovos<\/li>\n<li>Molhos e maioneses<\/li>\n<li>Arroz, feij\u00e3o e massas prontas<\/li>\n<li>Saladas j\u00e1 temperadas<\/li>\n<li>Prepara\u00e7\u00f5es com cremes, chantilly e frutas cortadas<\/li>\n<\/ul>\n<p>Esses alimentos, quando deixados na mesa por muito tempo, podem se transformar em um ambiente ideal para bact\u00e9rias como Salmonella, Staphylococcus aureus.\u00a0<\/p>\n<p>Quanto tempo \u00e9 seguro deixar o alimento fora?<\/p>\n<p>A recomenda\u00e7\u00e3o geral \u00e9 clara:<\/p>\n<p>\u201cNo calor acima de 30\u00b0C, o alimento n\u00e3o deve ficar mais de 1 hora fora da geladeira. Em dias mais amenos, com temperatura abaixo de 30\u00b0C, pode-se considerar at\u00e9 2 horas. Depois desse tempo, mesmo que esteja com boa apar\u00eancia, cheiro ou gosto, n\u00e3o \u00e9 seguro consumir\u201d, revela a nutricionista ao <a href=\"https:\/\/www.portaltemponovo.com.br\/\" target=\"_blank\" rel=\"noreferrer noopener nofollow\">T<\/a><a href=\"https:\/\/www.instagram.com\/jornaltemponovo\/\" target=\"_blank\" rel=\"noreferrer noopener nofollow\">N.<\/a><\/p>\n<p>Sintomas de intoxica\u00e7\u00e3o alimentar<\/p>\n<p>A contamina\u00e7\u00e3o pode provocar sinais como:<\/p>\n<ul class=\"wp-block-list\">\n<li>N\u00e1useas, v\u00f4mitos e dor abdominal;<\/li>\n<li>Diarreia, \u00e0s vezes com febre;<\/li>\n<li>Mal-estar intenso;<\/li>\n<li>Desidrata\u00e7\u00e3o \u2014 especialmente perigosa para idosos, crian\u00e7as e gestantes.<\/li>\n<\/ul>\n<p>Os sintomas podem aparecer em poucas horas ou at\u00e9 dois dias depois da ingest\u00e3o.<\/p>\n<p>Cuidados essenciais nas festas e no dia a dia<\/p>\n<p>Para evitar problemas, algumas pr\u00e1ticas simples fazem toda a diferen\u00e7a:<\/p>\n<ul class=\"wp-block-list\">\n<li>Mantenha alimentos perec\u00edveis refrigerados at\u00e9 a hora de servir.<\/li>\n<li>Use recipientes pequenos para reposi\u00e7\u00e3o constante na mesa, em vez de colocar toda a comida de uma vez.<\/li>\n<li>Sobras devem ir para a geladeira imediatamente ap\u00f3s a refei\u00e7\u00e3o.<\/li>\n<li>Ao transportar alimentos, utilize caixas t\u00e9rmicas ou bolsas refrigeradas.<\/li>\n<li>Em churrascos, mantenha carnes cruas separadas das prontas.<\/li>\n<li>Nunca reaproveite comidas que ficaram expostas por horas, o risco n\u00e3o compensa.<\/li>\n<\/ul>\n<p>Sa\u00fade em primeiro lugar<\/p>\n<p>No corre-corre de dezembro, cuidar da alimenta\u00e7\u00e3o tamb\u00e9m significa cuidar da seguran\u00e7a dos alimentos. Pequenos h\u00e1bitos de preven\u00e7\u00e3o evitam desconfortos, interna\u00e7\u00f5es e at\u00e9 complica\u00e7\u00f5es graves.<\/p>\n<p>Aproveite o m\u00eas com tranquilidade, saboreie cada momento, mas sem descuidar da higiene e da conserva\u00e7\u00e3o dos alimentos.<\/p>\n<p>\t\t\t\t<script async src=\"\/\/www.instagram.com\/embed.js\"><\/script><\/p>\n","protected":false},"excerpt":{"rendered":"Com a chegada do ver\u00e3o e das festas de fim de ano, \u00e9 comum vermos mesas repletas de&hellip;\n","protected":false},"author":2,"featured_media":184230,"comment_status":"","ping_status":"","sticky":false,"template":"","format":"standard","meta":{"footnotes":""},"categories":[86],"tags":[116,32,33,117],"class_list":{"0":"post-184229","1":"post","2":"type-post","3":"status-publish","4":"format-standard","5":"has-post-thumbnail","7":"category-saude","8":"tag-health","9":"tag-portugal","10":"tag-pt","11":"tag-saude"},"share_on_mastodon":{"url":"https:\/\/pubeurope.com\/@pt\/115701574880938922","error":""},"_links":{"self":[{"href":"https:\/\/www.europesays.com\/pt\/wp-json\/wp\/v2\/posts\/184229","targetHints":{"allow":["GET"]}}],"collection":[{"href":"https:\/\/www.europesays.com\/pt\/wp-json\/wp\/v2\/posts"}],"about":[{"href":"https:\/\/www.europesays.com\/pt\/wp-json\/wp\/v2\/types\/post"}],"author":[{"embeddable":true,"href":"https:\/\/www.europesays.com\/pt\/wp-json\/wp\/v2\/users\/2"}],"replies":[{"embeddable":true,"href":"https:\/\/www.europesays.com\/pt\/wp-json\/wp\/v2\/comments?post=184229"}],"version-history":[{"count":0,"href":"https:\/\/www.europesays.com\/pt\/wp-json\/wp\/v2\/posts\/184229\/revisions"}],"wp:featuredmedia":[{"embeddable":true,"href":"https:\/\/www.europesays.com\/pt\/wp-json\/wp\/v2\/media\/184230"}],"wp:attachment":[{"href":"https:\/\/www.europesays.com\/pt\/wp-json\/wp\/v2\/media?parent=184229"}],"wp:term":[{"taxonomy":"category","embeddable":true,"href":"https:\/\/www.europesays.com\/pt\/wp-json\/wp\/v2\/categories?post=184229"},{"taxonomy":"post_tag","embeddable":true,"href":"https:\/\/www.europesays.com\/pt\/wp-json\/wp\/v2\/tags?post=184229"}],"curies":[{"name":"wp","href":"https:\/\/api.w.org\/{rel}","templated":true}]}}