{"id":184245,"date":"2025-12-11T15:23:11","date_gmt":"2025-12-11T15:23:11","guid":{"rendered":"https:\/\/www.europesays.com\/pt\/184245\/"},"modified":"2025-12-11T15:23:11","modified_gmt":"2025-12-11T15:23:11","slug":"nao-passei-nos-exames-medicos","status":"publish","type":"post","link":"https:\/\/www.europesays.com\/pt\/184245\/","title":{"rendered":"\u00abN\u00e3o passei nos exames m\u00e9dicos\u00bb"},"content":{"rendered":"<p>&#8211; Advertisement &#8211;<\/p>\n<p><strong>David Luiz representou o Benfica no come\u00e7o da sua carreira. Foi a sua primeira experi\u00eancia no contexto europeu, onde se afirmou.<\/strong><\/p>\n<p>David Luiz deu uma entrevista \u00e0 Gazzetta dello Sport, onde falou sobre a sua chegada ao Benfica, depois de ter representado o Vit\u00f3ria. O defesa central contou a hist\u00f3ria, que remonta a 2007:<\/p>\n<p>\u00abEm janeiro de 2007, o Benfica vendeu o Ricardo Rocha ao Tottenham. O clube j\u00e1 tinha alguns pagamentos em atraso ao meu empres\u00e1rio e, por isso, ele ofereceu-me como forma de saldar essa d\u00edvida. O mercado de inverno estava a poucos dias de come\u00e7ar e o Benfica n\u00e3o tinha centrais dispon\u00edveis. Eu jogava na terceira divis\u00e3o, t\u00ednhamos acabado de subir para a segunda com o Vit\u00f3ria [no Brasil]. Estava com uma pubalgia e mal conseguia andar. Cheguei a Lisboa a 31 de janeiro e, no dia seguinte, fiz os exames m\u00e9dicos. N\u00e3o passei. O presidente, claro, n\u00e3o sabia disto. Ficou tudo em segredo\u00bb.<\/p>\n<p>O internacional brasileiro recordou o interesse do FC Porto:<\/p>\n<p>\u00abO Benfica ofereceu-me 3 mil euros por m\u00eas. Eu tinha 20 anos. O FC Porto procurou-me, oferecendo um contrato de cinco anos e um valor muito mais alto. Eu n\u00e3o era a prioridade do Benfica, mas o FC Porto queria-me muito. Liguei para os meus pais e o meu pai disse-me \u2018n\u00e3o cuspas no prato onde comeste. Respeita quem acreditou em ti. Fica no Benfica, n\u00e3o \u00e9 pelo dinheiro\u2019. Foi uma grande li\u00e7\u00e3o de vida\u00bb.<\/p>\n<p>David Luiz ficou no Benfica entre 2007 e 2011, ano em que saiu para o Chelsea por 25 milh\u00f5es de euros. Atualmente veste a camisola do <a href=\"https:\/\/bolanarede.pt\/etiqueta\/pafos\/\" target=\"_blank\" rel=\"noreferrer noopener nofollow\">Pafos<\/a>. <\/p>\n","protected":false},"excerpt":{"rendered":"&#8211; Advertisement &#8211; David Luiz representou o Benfica no come\u00e7o da sua carreira. Foi a sua primeira experi\u00eancia&hellip;\n","protected":false},"author":2,"featured_media":184246,"comment_status":"","ping_status":"","sticky":false,"template":"","format":"standard","meta":{"footnotes":""},"categories":[87],"tags":[260,51,5908,135,32,479,33,134],"class_list":{"0":"post-184245","1":"post","2":"type-post","3":"status-publish","4":"format-standard","5":"has-post-thumbnail","7":"category-desporto","8":"tag-atualidade","9":"tag-benfica","10":"tag-david-luiz","11":"tag-desporto","12":"tag-portugal","13":"tag-primeira-liga","14":"tag-pt","15":"tag-sports"},"share_on_mastodon":{"url":"https:\/\/pubeurope.com\/@pt\/115701626047092767","error":""},"_links":{"self":[{"href":"https:\/\/www.europesays.com\/pt\/wp-json\/wp\/v2\/posts\/184245","targetHints":{"allow":["GET"]}}],"collection":[{"href":"https:\/\/www.europesays.com\/pt\/wp-json\/wp\/v2\/posts"}],"about":[{"href":"https:\/\/www.europesays.com\/pt\/wp-json\/wp\/v2\/types\/post"}],"author":[{"embeddable":true,"href":"https:\/\/www.europesays.com\/pt\/wp-json\/wp\/v2\/users\/2"}],"replies":[{"embeddable":true,"href":"https:\/\/www.europesays.com\/pt\/wp-json\/wp\/v2\/comments?post=184245"}],"version-history":[{"count":0,"href":"https:\/\/www.europesays.com\/pt\/wp-json\/wp\/v2\/posts\/184245\/revisions"}],"wp:featuredmedia":[{"embeddable":true,"href":"https:\/\/www.europesays.com\/pt\/wp-json\/wp\/v2\/media\/184246"}],"wp:attachment":[{"href":"https:\/\/www.europesays.com\/pt\/wp-json\/wp\/v2\/media?parent=184245"}],"wp:term":[{"taxonomy":"category","embeddable":true,"href":"https:\/\/www.europesays.com\/pt\/wp-json\/wp\/v2\/categories?post=184245"},{"taxonomy":"post_tag","embeddable":true,"href":"https:\/\/www.europesays.com\/pt\/wp-json\/wp\/v2\/tags?post=184245"}],"curies":[{"name":"wp","href":"https:\/\/api.w.org\/{rel}","templated":true}]}}