{"id":184261,"date":"2025-12-11T15:35:43","date_gmt":"2025-12-11T15:35:43","guid":{"rendered":"https:\/\/www.europesays.com\/pt\/184261\/"},"modified":"2025-12-11T15:35:43","modified_gmt":"2025-12-11T15:35:43","slug":"a-protegida-laura-encontra-prova-do-que-hector-fez-e-confronta-o-novelas","status":"publish","type":"post","link":"https:\/\/www.europesays.com\/pt\/184261\/","title":{"rendered":"A Protegida: Laura encontra prova do que Hector fez e confronta-o &#8211; Novelas"},"content":{"rendered":"<p>Em \u00abA Protegida\u00bb, Hector (Christian Escuredo) insiste em saber onde\u00a0Mariana\u00a0(Matilde Reym\u00e3o) foi e se sabe onde JD (Pedro Sousa) est\u00e1. Laura (Alexandra Lencastre) diz-lhe que ela n\u00e3o sabe de nada, mas percebeu que Hector ainda n\u00e3o esqueceu\u00a0Mariana, pois viu a foto de JD rasgada no lixo. Hector acha que JD n\u00e3o faz bem a\u00a0Mariana. Laura at\u00e9 concorda, mas tem de ser\u00a0Mariana\u00a0a decidir isso e JD vai ser sempre o pai de Carlota.<\/p>\n","protected":false},"excerpt":{"rendered":"Em \u00abA Protegida\u00bb, Hector (Christian Escuredo) insiste em saber onde\u00a0Mariana\u00a0(Matilde Reym\u00e3o) foi e se sabe onde JD (Pedro&hellip;\n","protected":false},"author":2,"featured_media":184262,"comment_status":"","ping_status":"","sticky":false,"template":"","format":"standard","meta":{"footnotes":""},"categories":[142],"tags":[168,160,166,114,115,157,167,164,2931,161,158,165,159,32,33,156,163,151,162],"class_list":{"0":"post-184261","1":"post","2":"type-post","3":"status-publish","4":"format-standard","5":"has-post-thumbnail","7":"category-tv","8":"tag-a-protegida","9":"tag-ana-guiomar","10":"tag-cristina-ferreira","11":"tag-entertainment","12":"tag-entretenimento","13":"tag-festa-e-festa","14":"tag-ficcao","15":"tag-jose-fidalgo","16":"tag-novela","17":"tag-novelas","18":"tag-para-sempre","19":"tag-pedro-sousa","20":"tag-pedro-teixeira","21":"tag-portugal","22":"tag-pt","23":"tag-queridos-papas","24":"tag-tiago-teotonio-pereira","25":"tag-tv","26":"tag-tvi"},"share_on_mastodon":{"url":"https:\/\/pubeurope.com\/@pt\/115701673362355573","error":""},"_links":{"self":[{"href":"https:\/\/www.europesays.com\/pt\/wp-json\/wp\/v2\/posts\/184261","targetHints":{"allow":["GET"]}}],"collection":[{"href":"https:\/\/www.europesays.com\/pt\/wp-json\/wp\/v2\/posts"}],"about":[{"href":"https:\/\/www.europesays.com\/pt\/wp-json\/wp\/v2\/types\/post"}],"author":[{"embeddable":true,"href":"https:\/\/www.europesays.com\/pt\/wp-json\/wp\/v2\/users\/2"}],"replies":[{"embeddable":true,"href":"https:\/\/www.europesays.com\/pt\/wp-json\/wp\/v2\/comments?post=184261"}],"version-history":[{"count":0,"href":"https:\/\/www.europesays.com\/pt\/wp-json\/wp\/v2\/posts\/184261\/revisions"}],"wp:featuredmedia":[{"embeddable":true,"href":"https:\/\/www.europesays.com\/pt\/wp-json\/wp\/v2\/media\/184262"}],"wp:attachment":[{"href":"https:\/\/www.europesays.com\/pt\/wp-json\/wp\/v2\/media?parent=184261"}],"wp:term":[{"taxonomy":"category","embeddable":true,"href":"https:\/\/www.europesays.com\/pt\/wp-json\/wp\/v2\/categories?post=184261"},{"taxonomy":"post_tag","embeddable":true,"href":"https:\/\/www.europesays.com\/pt\/wp-json\/wp\/v2\/tags?post=184261"}],"curies":[{"name":"wp","href":"https:\/\/api.w.org\/{rel}","templated":true}]}}