{"id":184267,"date":"2025-12-11T15:38:08","date_gmt":"2025-12-11T15:38:08","guid":{"rendered":"https:\/\/www.europesays.com\/pt\/184267\/"},"modified":"2025-12-11T15:38:08","modified_gmt":"2025-12-11T15:38:08","slug":"ex-colega-de-cristiano-ronaldo-avisa-sigam-o-exemplo-dele-e-nao-o-de-messi","status":"publish","type":"post","link":"https:\/\/www.europesays.com\/pt\/184267\/","title":{"rendered":"Ex-colega de Cristiano Ronaldo avisa: &#8220;Sigam o exemplo dele e n\u00e3o o de Messi&#8221;"},"content":{"rendered":"<p data-remotead-prev-elm=\"true\" data-remotead-elm-id=\"inread\">&#8220;Havia muita press\u00e3o, mas tamb\u00e9m muita agita\u00e7\u00e3o no ar, em todo o ambiente. Pensas que \u00e9s da Juventus, que est\u00e1s habituado \u00e0 chegada de grandes campe\u00f5es. Ainda me lembro daquele dia, de quando l\u00e1 entrei. Eu e o Barzagli est\u00e1vamos l\u00e1 e j\u00e1 t\u00ednhamos visto por ali nomes como T\u00e9vez, outros grandes campe\u00f5es. Mas Cristiano Ronaldo deixou todos a pensar que estava mesmo a chegar uma superestrela&#8221;, recordou, citado pelo jornal italiano &#8220;Gazzetta dello Sport&#8221;.<\/p>\n<p>Marchisio deixou um aviso aos jovens atletas. &#8220;Se posso dizer uma coisa aos jovens sobre ele \u00e9 para seguir o seu exemplo. Se tiverem de tentar encontrar algo num jogador para se tornarem grandes campe\u00f5es, sigam o exemplo dele e n\u00e3o o de Messi. Mas porqu\u00ea o dele? Porque j\u00e1 era um craque, mas teve de se construir ainda mais. Trabalhar muito para chegar ao que se tornou, o outro era um talento aben\u00e7oado pelo Senhor&#8221;, comparou.<\/p>\n<p>Recorde-se que Cristiano Ronaldo representou a Juventus durante tr\u00eas temporadas. No in\u00edcio de 2021\/22 regressou ao Manchester United, antes de rumar ao Al Nassr, clube atual.<\/p>\n","protected":false},"excerpt":{"rendered":"&#8220;Havia muita press\u00e3o, mas tamb\u00e9m muita agita\u00e7\u00e3o no ar, em todo o ambiente. Pensas que \u00e9s da Juventus,&hellip;\n","protected":false},"author":2,"featured_media":184268,"comment_status":"","ping_status":"","sticky":false,"template":"","format":"standard","meta":{"footnotes":""},"categories":[87],"tags":[667,135,524,690,16658,37524,32,33,134],"class_list":{"0":"post-184267","1":"post","2":"type-post","3":"status-publish","4":"format-standard","5":"has-post-thumbnail","7":"category-desporto","8":"tag-cristiano-ronaldo","9":"tag-desporto","10":"tag-futebol","11":"tag-juventus","12":"tag-lionel-messi","13":"tag-planeta-ronaldo","14":"tag-portugal","15":"tag-pt","16":"tag-sports"},"share_on_mastodon":{"url":"https:\/\/pubeurope.com\/@pt\/115701685388912543","error":""},"_links":{"self":[{"href":"https:\/\/www.europesays.com\/pt\/wp-json\/wp\/v2\/posts\/184267","targetHints":{"allow":["GET"]}}],"collection":[{"href":"https:\/\/www.europesays.com\/pt\/wp-json\/wp\/v2\/posts"}],"about":[{"href":"https:\/\/www.europesays.com\/pt\/wp-json\/wp\/v2\/types\/post"}],"author":[{"embeddable":true,"href":"https:\/\/www.europesays.com\/pt\/wp-json\/wp\/v2\/users\/2"}],"replies":[{"embeddable":true,"href":"https:\/\/www.europesays.com\/pt\/wp-json\/wp\/v2\/comments?post=184267"}],"version-history":[{"count":0,"href":"https:\/\/www.europesays.com\/pt\/wp-json\/wp\/v2\/posts\/184267\/revisions"}],"wp:featuredmedia":[{"embeddable":true,"href":"https:\/\/www.europesays.com\/pt\/wp-json\/wp\/v2\/media\/184268"}],"wp:attachment":[{"href":"https:\/\/www.europesays.com\/pt\/wp-json\/wp\/v2\/media?parent=184267"}],"wp:term":[{"taxonomy":"category","embeddable":true,"href":"https:\/\/www.europesays.com\/pt\/wp-json\/wp\/v2\/categories?post=184267"},{"taxonomy":"post_tag","embeddable":true,"href":"https:\/\/www.europesays.com\/pt\/wp-json\/wp\/v2\/tags?post=184267"}],"curies":[{"name":"wp","href":"https:\/\/api.w.org\/{rel}","templated":true}]}}