{"id":184269,"date":"2025-12-11T15:39:10","date_gmt":"2025-12-11T15:39:10","guid":{"rendered":"https:\/\/www.europesays.com\/pt\/184269\/"},"modified":"2025-12-11T15:39:10","modified_gmt":"2025-12-11T15:39:10","slug":"o-japao-estuda-de-onde-vem-os-cabelos-grisalhos-e-descobre-acidentalmente-que-devemos-ficar-felizes-por-te-los","status":"publish","type":"post","link":"https:\/\/www.europesays.com\/pt\/184269\/","title":{"rendered":"O Jap\u00e3o estuda de onde vem os cabelos grisalhos e descobre acidentalmente que devemos ficar felizes por t\u00ea-los"},"content":{"rendered":"<p>Ao longo dos anos, a ci\u00eancia tem investigado as raz\u00f5es por tr\u00e1s do surgimento dos cabelos grisalhos, fen\u00f4meno comum no envelhecimento, e novas descobertas sugerem que seu aparecimento est\u00e1 relacionado a mecanismos naturais de defesa do corpo em n\u00edvel celular.<\/p>\n<p><img data-portal-copyright=\"Imagem gerada por intelig\u00eancia artificial\" fetchpriority=\"high\" decoding=\"async\" class=\"size-full wp-image-2674557\" src=\"https:\/\/www.europesays.com\/pt\/wp-content\/uploads\/2025\/12\/freepik-retrato-hiperrealista-de-uma-mulher-japonesa-de-45-35026-scaled.jpeg\" alt=\"O Jap\u00e3o estuda de onde vem os cabelos grisalhos e descobre acidentalmente que devemos ficar felizes por t\u00ea-los\" width=\"2560\" height=\"1463\"  \/>O Jap\u00e3o estuda de onde vem os cabelos grisalhos e descobre acidentalmente que devemos ficar felizes por t\u00ea-losImagem gerada por intelig\u00eancia artificial<br \/>\nPor que os cabelos ficam grisalhos ao envelhecer?<\/p>\n<p>O <a href=\"https:\/\/catracalivre.com.br\/noticias\/esse-e-o-melhor-tratamento-para-cabelos-danificados-por-quimica\/\" target=\"_blank\" rel=\"noopener nofollow\">embranquecimento dos cabelos<\/a> ocorre por causa da diminui\u00e7\u00e3o progressiva de melanina, o pigmento que d\u00e1 cor aos fios. As c\u00e9lulas-tronco nos fol\u00edculos pilosos perdem gradualmente sua fun\u00e7\u00e3o, sobretudo ap\u00f3s sofrerem les\u00f5es no DNA.<\/p>\n<p>Essas c\u00e9lulas podem parar de se multiplicar e se transformar devido ao estresse ou agress\u00f5es gen\u00e9ticas, tornando-se incapazes de restaurar a colora\u00e7\u00e3o dos fios originais. O processo est\u00e1 relacionado \u00e0 senesc\u00eancia celular, impedindo que c\u00e9lulas comprometidas continuem a se dividir.<\/p>\n<tr>\nProcesso Biol\u00f3gico<br \/>\nExplica\u00e7\u00e3o Cient\u00edfica<br \/>\n<\/tr>\n<tr>\n<td>\ud83c\udfa8Diminui\u00e7\u00e3o de Melanina<\/td>\n<td>Redu\u00e7\u00e3o progressiva da melanina, o pigmento respons\u00e1vel por dar cor aos fios capilares Causa Principal<\/td>\n<\/tr>\n<tr>\n<td>\ud83e\uddecC\u00e9lulas-Tronco<\/td>\n<td>As c\u00e9lulas-tronco nos fol\u00edculos pilosos perdem gradualmente sua fun\u00e7\u00e3o, especialmente ap\u00f3s sofrerem les\u00f5es no DNA<\/td>\n<\/tr>\n<tr>\n<td>\u26a0\ufe0fEstresse Celular<\/td>\n<td>C\u00e9lulas param de se multiplicar e se transformar devido ao estresse ou agress\u00f5es gen\u00e9ticas, tornando-se incapazes de restaurar a colora\u00e7\u00e3o original dos fios<\/td>\n<\/tr>\n<tr>\n<td>\u23f3Senesc\u00eancia Celular<\/td>\n<td>Processo relacionado ao envelhecimento que impede c\u00e9lulas comprometidas de continuarem a se dividir, interrompendo a produ\u00e7\u00e3o de pigmento Irrevers\u00edvel<\/td>\n<\/tr>\n<p><strong>\ud83d\udca1 Curiosidade Cient\u00edfica:<\/strong> O embranquecimento dos cabelos \u00e9 um processo natural e inevit\u00e1vel do envelhecimento humano. Embora fatores gen\u00e9ticos determinem quando isso acontece, o estresse oxidativo e danos ao DNA aceleram significativamente a perda de pigmenta\u00e7\u00e3o capilar.<\/p>\n<p>O que a ci\u00eancia revela sobre os cabelos grisalhos e a preven\u00e7\u00e3o do c\u00e2ncer<\/p>\n<p>Pesquisas recentes apontam uma liga\u00e7\u00e3o entre o surgimento dos cabelos grisalhos e mecanismos de defesa contra o c\u00e2ncer. Parar a divis\u00e3o de c\u00e9lulas-tronco danificadas pode ser uma resposta adaptativa que visa evitar o crescimento desordenado, caracter\u00edstica dos tumores.<\/p>\n<p>Para ilustrar melhor como esses mecanismos funcionam e o que eles significam para a sa\u00fade, destacam-se alguns pontos importantes abaixo:<\/p>\n<ul>\n<li><strong>Senesc\u00eancia versus renova\u00e7\u00e3o:<\/strong> O bloqueio da multiplica\u00e7\u00e3o das c\u00e9lulas-tronco funciona como um freio natural ao avan\u00e7o de poss\u00edveis les\u00f5es cancer\u00edgenas.<\/li>\n<li><strong>Equil\u00edbrio biol\u00f3gico:<\/strong> O corpo tende a priorizar a prote\u00e7\u00e3o gen\u00e9tica, em vez da manuten\u00e7\u00e3o da cor dos fios, para preservar a sa\u00fade geral.<\/li>\n<li><strong>Exposi\u00e7\u00e3o a agentes externos:<\/strong> Em situa\u00e7\u00f5es de exposi\u00e7\u00e3o constante a subst\u00e2ncias cancer\u00edgenas, pode ocorrer falha nesse mecanismo, aumentando riscos de altera\u00e7\u00f5es gen\u00e9ticas prejudiciais.<\/li>\n<\/ul>\n<p><img loading=\"lazy\" data-portal-copyright=\"Imagem gerada por intelig\u00eancia artificial\" decoding=\"async\" class=\"size-full wp-image-2674556\" src=\"https:\/\/www.europesays.com\/pt\/wp-content\/uploads\/2025\/12\/freepik-imagem-macro-hiperrealista-mostrando-fios-de-cabel-35027-scaled.png\" alt=\"O embranquecimento dos cabelos ocorre por causa da diminui\u00e7\u00e3o progressiva de melanina\" width=\"2560\" height=\"1463\"  \/>O embranquecimento dos cabelos ocorre por causa da diminui\u00e7\u00e3o progressiva de melaninaImagem gerada por intelig\u00eancia artificial<br \/>\nDescobertas sobre cabelos grisalhos trazem novas perspectivas m\u00e9dicas<\/p>\n<p>O<a href=\"https:\/\/www.ims.u-tokyo.ac.jp\/imsut\/en\/about\/press\/page_00079.html\" target=\"_blank\" rel=\"nofollow noopener\"> avan\u00e7o dos estudos<\/a> sobre a origem dos cabelos grisalhos amplia as oportunidades de pesquisa em medicina regenerativa e oncologia. Analisar os fatores envolvidos na perda da melanina pode ajudar no desenvolvimento de abordagens para prevenir doen\u00e7as degenerativas.<\/p>\n<p>Melhor entender como o corpo escolhe entre fun\u00e7\u00f5es capilares e prote\u00e7\u00e3o gen\u00e9tica pode abrir caminhos para tratamentos inovadores. Acompanhar este processo tamb\u00e9m facilita a identifica\u00e7\u00e3o precoce de riscos \u00e0 sa\u00fade.<\/p>\n<ol>\n<li>Pesquisas sobre envelhecimento dos cabelos podem ajudar a criar terapias para restaurar c\u00e9lulas-tronco danificadas.<\/li>\n<li>A compreens\u00e3o das escolhas biol\u00f3gicas do organismo pode viabilizar novas alternativas de tratamento em humanos.<\/li>\n<li>Monitoramento das adapta\u00e7\u00f5es celulares pode permitir interven\u00e7\u00f5es mais eficazes diante de fatores de risco.<\/li>\n<\/ol>\n<p>Em 2025, os estudos devem aprofundar ainda mais a compreens\u00e3o sobre as conex\u00f5es entre cabelos grisalhos, envelhecimento e prote\u00e7\u00e3o contra doen\u00e7as. Cada fio branco, portanto, pode indicar n\u00e3o s\u00f3 um avan\u00e7o do tempo, mas tamb\u00e9m informa\u00e7\u00f5es valiosas sobre a sa\u00fade celular e o funcionamento do organismo.<\/p>\n","protected":false},"excerpt":{"rendered":"Ao longo dos anos, a ci\u00eancia tem investigado as raz\u00f5es por tr\u00e1s do surgimento dos cabelos grisalhos, fen\u00f4meno&hellip;\n","protected":false},"author":2,"featured_media":184270,"comment_status":"","ping_status":"","sticky":false,"template":"","format":"standard","meta":{"footnotes":""},"categories":[86],"tags":[34056,109,2643,116,461,32,33,117],"class_list":{"0":"post-184269","1":"post","2":"type-post","3":"status-publish","4":"format-standard","5":"has-post-thumbnail","7":"category-saude","8":"tag-cabelos-grisalhos","9":"tag-ciencia","10":"tag-estudos","11":"tag-health","12":"tag-japao","13":"tag-portugal","14":"tag-pt","15":"tag-saude"},"share_on_mastodon":{"url":"https:\/\/pubeurope.com\/@pt\/115701689246509946","error":""},"_links":{"self":[{"href":"https:\/\/www.europesays.com\/pt\/wp-json\/wp\/v2\/posts\/184269","targetHints":{"allow":["GET"]}}],"collection":[{"href":"https:\/\/www.europesays.com\/pt\/wp-json\/wp\/v2\/posts"}],"about":[{"href":"https:\/\/www.europesays.com\/pt\/wp-json\/wp\/v2\/types\/post"}],"author":[{"embeddable":true,"href":"https:\/\/www.europesays.com\/pt\/wp-json\/wp\/v2\/users\/2"}],"replies":[{"embeddable":true,"href":"https:\/\/www.europesays.com\/pt\/wp-json\/wp\/v2\/comments?post=184269"}],"version-history":[{"count":0,"href":"https:\/\/www.europesays.com\/pt\/wp-json\/wp\/v2\/posts\/184269\/revisions"}],"wp:featuredmedia":[{"embeddable":true,"href":"https:\/\/www.europesays.com\/pt\/wp-json\/wp\/v2\/media\/184270"}],"wp:attachment":[{"href":"https:\/\/www.europesays.com\/pt\/wp-json\/wp\/v2\/media?parent=184269"}],"wp:term":[{"taxonomy":"category","embeddable":true,"href":"https:\/\/www.europesays.com\/pt\/wp-json\/wp\/v2\/categories?post=184269"},{"taxonomy":"post_tag","embeddable":true,"href":"https:\/\/www.europesays.com\/pt\/wp-json\/wp\/v2\/tags?post=184269"}],"curies":[{"name":"wp","href":"https:\/\/api.w.org\/{rel}","templated":true}]}}