{"id":184273,"date":"2025-12-11T15:42:28","date_gmt":"2025-12-11T15:42:28","guid":{"rendered":"https:\/\/www.europesays.com\/pt\/184273\/"},"modified":"2025-12-11T15:42:28","modified_gmt":"2025-12-11T15:42:28","slug":"4-tendencias-para-a-industria-de-streaming-em-2026-diario-industria-comercio","status":"publish","type":"post","link":"https:\/\/www.europesays.com\/pt\/184273\/","title":{"rendered":"4 tend\u00eancias para a ind\u00fastria de streaming em 2026 &#8211; Di\u00e1rio Ind\u00fastria &amp; Com\u00e9rcio"},"content":{"rendered":"<ol>\n<li><a href=\"https:\/\/news.google.com\/rss\/articles\/CBMiogFBVV95cUxNYjhkajVLQmczSHBkQ2RIVmZNUG9iWVVZdm5IWVBnMWwzZDc0bEJzaExRRnBLWFZrWXg5WXFaT2prZjIxRWl3WXF5UGhtc0lpQlFuQkp3QTk4eXdXdXlzZUw5OWJqMjJ6TUcxS05uSjZqZUg3OWprRmc2OXJzcS1DY1ZYQVRDcUltWTVSVlFaZjhCQzZaMklfNGp1X3pKQ0I1NUE?oc=5\" target=\"_blank\" rel=\"nofollow noopener\">4 tend\u00eancias para a ind\u00fastria de streaming em 2026<\/a>&nbsp;&nbsp;Di\u00e1rio Ind\u00fastria &amp; Com\u00e9rcio<\/li>\n<li><a href=\"https:\/\/news.google.com\/rss\/articles\/CBMixgFBVV95cUxNeUczdFFXZjhBNk5WZHlMWDFrOXczSHJVRTBHQUxGRll2bnNKNDh4OFZjZGUzZndSN2Y0MC1DQXpraTVmbXhNYTZQajI2dElXcEhETnFmSXNpYTdJcEdKbXVTUDQ3ZEhyd0VfaUExU1VPTXREaHYtaVJaRnpvbFE1WkxrYU1Kc216Umh5aXREckhCMmpOQkNzeDRfNHdvX3hGTHYwQXRVczNoUUR5WFhoYU1GTU5aS1NMYzNEeEp1Yk5yejFTV1HSAcsBQVVfeXFMTjg0MHVCdUtLTWJKYVZQVERyQXM0T3JCMGNBWnZUNEw5Wml4dWFleTd2LTByUDc1YU9JN0MzTXhsbE1aZEFOQzdNbFJ3ZFd3ekE3a0RwYWctQVlCWVRMTjAwbW03b1h3MWZOd3VuOTZ1MFNGLXdleEgyUy12ZkxOMkR1VUpKbGZ1WEtKS2w3akdzYk1MNGExbjAxX3BIR0RrZ3VJbHhGbHhnMWxhbnpPN0YtVWlZQjhNc2NSMHZPNGtpWDhhbF9MZUxWSW8?oc=5\" target=\"_blank\" rel=\"nofollow noopener\">Guerra dos streamings: quanto custa assinar as principais plataformas em 2025<\/a>&nbsp;&nbsp;Estado de Minas<\/li>\n<li><a href=\"https:\/\/news.google.com\/rss\/articles\/CBMipwFBVV95cUxPbEFDaGxMOTRMSUNMalBkRHNOSnZqTHY4b3B6U1BibVJsN21ISmp6eDBXOWNLMkV5Rks4SzF6ZnlUbXBlNUwwZ0ZhY2ljVVNtZXh2LVVHV3J6WUx5d05rek1TdC1FWk8xTExZSWZOdDBMUVBSMkc5YnQzR3RYcGVKdG1rSFEtN2pXUGNxSXZXWTNSMDZRbkZEWExBNDhVVXpueDhUc1ZVMA?oc=5\" target=\"_blank\" rel=\"nofollow noopener\">Watch vai triplicar oferta de conte\u00fado a partir de 2026<\/a>&nbsp;&nbsp;Gazeta do Povo<\/li>\n<li><a href=\"https:\/\/news.google.com\/rss\/articles\/CBMipwFBVV95cUxQVi1JNW1QVXdOWFlfN0RycGZSb0d6Wm5pQUhMS05NbVh0c215eXg4ZWR3Vmt2b1JFYmZ4Z18tc0owQk5MZXpjZGloVVRjMWtKS1E3ZExrVHlndjA5UVpnejlSdnlWN1JXU2JpX0dVTG9GNmRuNFdBLUNMd1ZiVDdJSi1aVkpOTVpMLUxlcDA0Q1gwU3ZGXzBuTlZwSkdIcko0MGtwYVg0RQ?oc=5\" target=\"_blank\" rel=\"nofollow noopener\">Quanto voc\u00ea vai pagar pelos principais streamings do pa\u00eds em 2026? Conhe\u00e7a os valores!<\/a>&nbsp;&nbsp;RD1<\/li>\n<\/ol>\n","protected":false},"excerpt":{"rendered":"4 tend\u00eancias para a ind\u00fastria de streaming em 2026&nbsp;&nbsp;Di\u00e1rio Ind\u00fastria &amp; Com\u00e9rcio Guerra dos streamings: quanto custa assinar&hellip;\n","protected":false},"author":2,"featured_media":184274,"comment_status":"","ping_status":"","sticky":false,"template":"","format":"standard","meta":{"footnotes":""},"categories":[84],"tags":[109,107,108,32,33,105,103,104,106,110],"class_list":{"0":"post-184273","1":"post","2":"type-post","3":"status-publish","4":"format-standard","5":"has-post-thumbnail","7":"category-ciencia-e-tecnologia","8":"tag-ciencia","9":"tag-ciencia-e-tecnologia","10":"tag-cienciaetecnologia","11":"tag-portugal","12":"tag-pt","13":"tag-science","14":"tag-science-and-technology","15":"tag-scienceandtechnology","16":"tag-technology","17":"tag-tecnologia"},"share_on_mastodon":{"url":"https:\/\/pubeurope.com\/@pt\/115701700629262713","error":""},"_links":{"self":[{"href":"https:\/\/www.europesays.com\/pt\/wp-json\/wp\/v2\/posts\/184273","targetHints":{"allow":["GET"]}}],"collection":[{"href":"https:\/\/www.europesays.com\/pt\/wp-json\/wp\/v2\/posts"}],"about":[{"href":"https:\/\/www.europesays.com\/pt\/wp-json\/wp\/v2\/types\/post"}],"author":[{"embeddable":true,"href":"https:\/\/www.europesays.com\/pt\/wp-json\/wp\/v2\/users\/2"}],"replies":[{"embeddable":true,"href":"https:\/\/www.europesays.com\/pt\/wp-json\/wp\/v2\/comments?post=184273"}],"version-history":[{"count":0,"href":"https:\/\/www.europesays.com\/pt\/wp-json\/wp\/v2\/posts\/184273\/revisions"}],"wp:featuredmedia":[{"embeddable":true,"href":"https:\/\/www.europesays.com\/pt\/wp-json\/wp\/v2\/media\/184274"}],"wp:attachment":[{"href":"https:\/\/www.europesays.com\/pt\/wp-json\/wp\/v2\/media?parent=184273"}],"wp:term":[{"taxonomy":"category","embeddable":true,"href":"https:\/\/www.europesays.com\/pt\/wp-json\/wp\/v2\/categories?post=184273"},{"taxonomy":"post_tag","embeddable":true,"href":"https:\/\/www.europesays.com\/pt\/wp-json\/wp\/v2\/tags?post=184273"}],"curies":[{"name":"wp","href":"https:\/\/api.w.org\/{rel}","templated":true}]}}