{"id":184277,"date":"2025-12-11T15:47:18","date_gmt":"2025-12-11T15:47:18","guid":{"rendered":"https:\/\/www.europesays.com\/pt\/184277\/"},"modified":"2025-12-11T15:47:18","modified_gmt":"2025-12-11T15:47:18","slug":"hollywood-se-une-contra-tarantino-apos-ataque-a-paul-dano","status":"publish","type":"post","link":"https:\/\/www.europesays.com\/pt\/184277\/","title":{"rendered":"Hollywood se une contra Tarantino ap\u00f3s ataque a Paul Dano"},"content":{"rendered":"<p>Paul Dano se tornou o centro de uma das maiores discuss\u00f5es de Hollywood nesta semana. Durante uma entrevista recente, <a href=\"https:\/\/tangerina.uol.com.br\/filmes-series\/tarantino-dispara-critica-mais-devastadora-de-sua-carreira\/\" target=\"_blank\" rel=\"noreferrer noopener nofollow\">Quentin Tarantino<\/a> afirmou que <strong>Sangue Negro (2007)<\/strong> s\u00f3 n\u00e3o era o melhor filme do s\u00e9culo porque tinha \u201cum grande defeito\u201d: <strong>Paul Dano<\/strong>. O diretor ainda chamou o ator de \u201co ator mais fraco do SAG\u201d. As falas repercutiram imediatamente e levaram colegas de profiss\u00e3o a se manifestarem nas redes sociais.<\/p>\n<p>A rea\u00e7\u00e3o foi t\u00e3o ampla que reuniu desde vencedores do Oscar at\u00e9 nomes do cinema comercial. Daniel Day-Lewis, parceiro de cena de Paul Dano em Sangue Negro, apareceu entre os primeiros a rebater Tarantino. Em seu Instagram, o ator compartilhou cenas do filme e escreveu que \u201cPaul Dano \u00e9 um dos melhores e mais talentosos atores de sua gera\u00e7\u00e3o\u201d. At\u00e9 Dillon Freasier, que interpretou o jovem H. W. Plainview no longa, saiu em defesa do colega e afirmou que o filme s\u00f3 funciona porque \u201ctodo mundo foi perfeitamente escalado\u201d.<\/p>\n<p>Outras vozes de peso tamb\u00e9m se manifestaram. Josh Gad publicou no Threads que \u201cPaul Dano \u00e9 um dos melhores atores do nosso tempo. Ponto final\u201d. Alec Baldwin compartilhou um v\u00eddeo dizendo: \u201cEu amo Paul Dano. E, se voc\u00ea n\u00e3o ama ele, fique quieto\u201d.<\/p>\n<p>Ben Stiller, que dirigiu Paul Dano em Escape at Dannemora, reagiu no <a href=\"https:\/\/x.com\/BenStiller\/status\/1996699710045016501?s=20\" target=\"_blank\" rel=\"noreferrer noopener nofollow\">X<\/a> chamando o astro de \u201cbrilhante\u201d. J\u00e1 Simu Liu escreveu que considera o colega de profiss\u00e3o \u201cum ator incr\u00edvel\u201d.<\/p>\n<p><img alt=\"Paul Dano em cena de Dinheiro F\u00e1cil\" src=\"data:image\/gif;base64,R0lGODlhAQABAIAAAAAAAP\/\/\/yH5BAEAAAAALAAAAAABAAEAAAIBRAA7\" decoding=\"async\" style=\"position:absolute;top:0;left:0;bottom:0;right:0;box-sizing:border-box;padding:0;border:none;margin:auto;display:block;width:0;height:0;min-width:100%;max-width:100%;min-height:100%;max-height:100%\"\/><\/p>\n<p font-weight=\"500\" font-size=\"14px\" class=\"style__Typo-sc-1e1gvva-0 ezCJRb\">Paul Dano em cena de Dinheiro F\u00e1cil (2023)<\/p>\n<p font-weight=\"300\" font-size=\"14px\" class=\"style__Typo-sc-1e1gvva-0 fvAQOT\">(Foto: Divulga\u00e7\u00e3o\/Columbia Pictures)<\/p>\n<p>Paul Dano recebeu muito apoio<\/p>\n<p>Reese Witherspoon engrossou o coro ao relembrar o trabalho com o ator em V\u00edcio Inerente. Para ela, Paul Dano \u00e9 \u201cum astro vers\u00e1til e incrivelmente talentoso\u201d, al\u00e9m de \u201cum cavalheiro\u201d. Colleen Foy, que interpretou sua irm\u00e3 em Sangue Negro, contou que estava atr\u00e1s de Tarantino em uma exibi\u00e7\u00e3o do filme e que o diretor havia vibrado com a performance na \u00e9poca, algo que contrasta com as cr\u00edticas atuais.<\/p>\n<p>O movimento de apoio seguiu crescendo ao longo da semana, mostrando que a vis\u00e3o de Tarantino est\u00e1 longe de ser consenso. Pelo contr\u00e1rio: a mobiliza\u00e7\u00e3o deixou claro como o astro de Sangue Negro \u00e9 respeitado entre atores de diferentes gera\u00e7\u00f5es e estilos. De drama intenso a com\u00e9dia, de independentes a blockbusters, colegas de cena e de set refor\u00e7aram publicamente o talento e a import\u00e2ncia do ator.<\/p>\n<p>As rea\u00e7\u00f5es refor\u00e7am como a discuss\u00e3o extrapolou a cr\u00edtica de um diretor e virou um retrato do impacto de Paul Dano na ind\u00fastria. Para muitos, a carreira dele continua sendo marcada justamente pelo que Tarantino desconsiderou: consist\u00eancia, entrega e respeito entre pares. O debate segue forte nas redes, mas Hollywood j\u00e1 deixou claro de que lado est\u00e1.<\/p>\n","protected":false},"excerpt":{"rendered":"Paul Dano se tornou o centro de uma das maiores discuss\u00f5es de Hollywood nesta semana. Durante uma entrevista&hellip;\n","protected":false},"author":2,"featured_media":184278,"comment_status":"","ping_status":"","sticky":false,"template":"","format":"standard","meta":{"footnotes":""},"categories":[145],"tags":[211,210,470,114,115,32,33],"class_list":{"0":"post-184277","1":"post","2":"type-post","3":"status-publish","4":"format-standard","5":"has-post-thumbnail","7":"category-celebridades","8":"tag-celebridades","9":"tag-celebrities","10":"tag-cinema","11":"tag-entertainment","12":"tag-entretenimento","13":"tag-portugal","14":"tag-pt"},"share_on_mastodon":{"url":"https:\/\/pubeurope.com\/@pt\/115701720262796722","error":""},"_links":{"self":[{"href":"https:\/\/www.europesays.com\/pt\/wp-json\/wp\/v2\/posts\/184277","targetHints":{"allow":["GET"]}}],"collection":[{"href":"https:\/\/www.europesays.com\/pt\/wp-json\/wp\/v2\/posts"}],"about":[{"href":"https:\/\/www.europesays.com\/pt\/wp-json\/wp\/v2\/types\/post"}],"author":[{"embeddable":true,"href":"https:\/\/www.europesays.com\/pt\/wp-json\/wp\/v2\/users\/2"}],"replies":[{"embeddable":true,"href":"https:\/\/www.europesays.com\/pt\/wp-json\/wp\/v2\/comments?post=184277"}],"version-history":[{"count":0,"href":"https:\/\/www.europesays.com\/pt\/wp-json\/wp\/v2\/posts\/184277\/revisions"}],"wp:featuredmedia":[{"embeddable":true,"href":"https:\/\/www.europesays.com\/pt\/wp-json\/wp\/v2\/media\/184278"}],"wp:attachment":[{"href":"https:\/\/www.europesays.com\/pt\/wp-json\/wp\/v2\/media?parent=184277"}],"wp:term":[{"taxonomy":"category","embeddable":true,"href":"https:\/\/www.europesays.com\/pt\/wp-json\/wp\/v2\/categories?post=184277"},{"taxonomy":"post_tag","embeddable":true,"href":"https:\/\/www.europesays.com\/pt\/wp-json\/wp\/v2\/tags?post=184277"}],"curies":[{"name":"wp","href":"https:\/\/api.w.org\/{rel}","templated":true}]}}