{"id":184284,"date":"2025-12-11T15:53:13","date_gmt":"2025-12-11T15:53:13","guid":{"rendered":"https:\/\/www.europesays.com\/pt\/184284\/"},"modified":"2025-12-11T15:53:13","modified_gmt":"2025-12-11T15:53:13","slug":"david-luiz-benfica-nao-passei-nos-exames-mas-o-presidente-nao-sabia","status":"publish","type":"post","link":"https:\/\/www.europesays.com\/pt\/184284\/","title":{"rendered":"David Luiz: &#8220;Benfica? N\u00e3o passei nos exames, mas o presidente n\u00e3o sabia&#8221;"},"content":{"rendered":"<p>A passagem pelo Benfica foi algo marcante na carreira de David Luiz, como o pr\u00f3prio relevou numa entrevista concedida ao jornal <a href=\"https:\/\/www.gazzetta.it\/Calcio\/Champions-League\/10-12-2025\/david-luiz-intervista-juventus-pafos.shtml?refresh_ce\" target=\"_blank\" rel=\"noopener nofollow\">Gazzetta dello Sport<\/a>, divulgada esta quarta-feira, embora a sua chegada \u00e0 Luz tenha acontecido sob contornos algo pol\u00e9mico, dada a confiss\u00e3o da reprova\u00e7\u00e3o nos exames m\u00e9dicos das \u00e1guias, sem qualquer conhecimento por parte do ent\u00e3o presidente Lu\u00eds Filipe Vieira.<\/p>\n<p>&#8220;Em janeiro de 2007, o Benfica vendeu o Ricardo Rocha ao Tottenham. O clube j\u00e1 tinha algumas d\u00edvidas antigas ao meu agente. Foi ent\u00e3o que ele prop\u00f4s o meu nome ao Benfica para saldar as d\u00edvidas. Faltavam poucos dias para o fim do per\u00edodo de transfer\u00eancias de inverno e o clube n\u00e3o tinha outros defesas dispon\u00edveis. Eu at\u00e9 jogava na terceira divis\u00e3o do Brasil, com o Vit\u00f3ria, sendo que t\u00ednhamos acabado de subir \u00e0 segunda&#8221;, come\u00e7ou por recordar o experiente defesa-central, de 38 anos.<\/p>\n<p>&#8220;Lembro-me que tinha uma pubalgia e mal conseguia andar&#8230; Cheguei a Lisboa no dia 31 de janeiro, no dia seguinte fiz os exames m\u00e9dicos e n\u00e3o passei. O presidente, obviamente, n\u00e3o sabia disso. Tudo permaneceu um segredo. Durante tr\u00eas meses, chegava tr\u00eas horas antes aos treinos para fazer fisioterapia, depois treinava com o resto da equipa como se estivesse bem. A verdade \u00e9 que sentia-me mal, dado que n\u00e3o conseguia correr, controlar a bola ou pass\u00e1-la. Nem o treinador sabia do meu estado e considerava-me fraco. S\u00f3 em abril joguei o meu primeiro jogo&#8221;, revelou de seguida.<\/p>\n<p>                                                    &#8220;FC Porto? O meu pai disse-me: &#8216;N\u00e3o cuspas no prato onde comeste&#8217;&#8230;&#8221;<\/p>\n<p>Confrontado com o interesse do FC Porto na sua contrata\u00e7\u00e3o, &#8220;com valores muito superiores&#8221; segundo David Luiz, valeram as palavras do seu pai para o convencer a manter-se na Luz, naquela que considera ter sido &#8220;uma grande li\u00e7\u00e3o de vida&#8221;.<\/p>\n<p>&#8220;O meu contrato terminava em junho [de 2008] e o Benfica ofereceu-me 3.000 euros por m\u00eas. Na altura, tinha 20 anos. O FC Porto apresentou-me um contrato de cinco anos, com valores muito superiores. Eu n\u00e3o era uma prioridade para o Benfica e o FC Porto queria-me mesmo. Foi a\u00ed que o meu pai me disse algo como: &#8216;N\u00e3o cuspas no prato onde comeste. Respeita as pessoas que acreditaram em ti. Assina pelo Benfica, n\u00e3o pelo dinheiro&#8217;. Foi uma grande li\u00e7\u00e3o de vida&#8221;, sublinhou o atual defesa do Pafos.<\/p>\n<p>Recorde-se que David Luiz aventurou-se pela primeira vez no futebol europeu, pela porta do Benfica, em 2007, onde permaneceu at\u00e9 \u00e0 temporada 2010\/11, quando despertou a aten\u00e7\u00e3o do Chelsea. Com sensivelmente metade da carreira feita em Inglaterra (entre Chelsea e Arsenal), o internacional brasileiro ainda se aventurou no PSG, pelo meio, sendo que, atualmente, encontra-se no Pafos, do Chipre, ap\u00f3s uma passagem pelo Brasil, ao servi\u00e7o de Flamengo e Fortaleza.<\/p>\n<p>                                                    <img decoding=\"async\" src=\"https:\/\/www.europesays.com\/pt\/wp-content\/uploads\/2025\/12\/naom_6927438f317d3.jpg\" border=\"0\" alt=\"David Luiz voltou a marcar um golo na Liga dos Campe\u00f5es\u2026 oito anos depois\"\/><\/p>\n<p>Cabeceamento certeiro de David Luiz permitiu ao Pafos festejar o golo do empate na rece\u00e7\u00e3o ao AS Monaco. Ex-Benfica voltou, assim, a marcar na Liga dos Campe\u00f5es, oito anos ap\u00f3s a \u00faltima vez.<\/p>\n<p>                                                     Miguel Sim\u00f5es | 18:23 &#8211; 26\/11\/2025 <\/p>\n","protected":false},"excerpt":{"rendered":"A passagem pelo Benfica foi algo marcante na carreira de David Luiz, como o pr\u00f3prio relevou numa entrevista&hellip;\n","protected":false},"author":2,"featured_media":184285,"comment_status":"","ping_status":"","sticky":false,"template":"","format":"standard","meta":{"footnotes":""},"categories":[87],"tags":[135,32,33,134],"class_list":{"0":"post-184284","1":"post","2":"type-post","3":"status-publish","4":"format-standard","5":"has-post-thumbnail","7":"category-desporto","8":"tag-desporto","9":"tag-portugal","10":"tag-pt","11":"tag-sports"},"share_on_mastodon":{"url":"https:\/\/pubeurope.com\/@pt\/115701744276631387","error":""},"_links":{"self":[{"href":"https:\/\/www.europesays.com\/pt\/wp-json\/wp\/v2\/posts\/184284","targetHints":{"allow":["GET"]}}],"collection":[{"href":"https:\/\/www.europesays.com\/pt\/wp-json\/wp\/v2\/posts"}],"about":[{"href":"https:\/\/www.europesays.com\/pt\/wp-json\/wp\/v2\/types\/post"}],"author":[{"embeddable":true,"href":"https:\/\/www.europesays.com\/pt\/wp-json\/wp\/v2\/users\/2"}],"replies":[{"embeddable":true,"href":"https:\/\/www.europesays.com\/pt\/wp-json\/wp\/v2\/comments?post=184284"}],"version-history":[{"count":0,"href":"https:\/\/www.europesays.com\/pt\/wp-json\/wp\/v2\/posts\/184284\/revisions"}],"wp:featuredmedia":[{"embeddable":true,"href":"https:\/\/www.europesays.com\/pt\/wp-json\/wp\/v2\/media\/184285"}],"wp:attachment":[{"href":"https:\/\/www.europesays.com\/pt\/wp-json\/wp\/v2\/media?parent=184284"}],"wp:term":[{"taxonomy":"category","embeddable":true,"href":"https:\/\/www.europesays.com\/pt\/wp-json\/wp\/v2\/categories?post=184284"},{"taxonomy":"post_tag","embeddable":true,"href":"https:\/\/www.europesays.com\/pt\/wp-json\/wp\/v2\/tags?post=184284"}],"curies":[{"name":"wp","href":"https:\/\/api.w.org\/{rel}","templated":true}]}}