{"id":184294,"date":"2025-12-11T16:01:14","date_gmt":"2025-12-11T16:01:14","guid":{"rendered":"https:\/\/www.europesays.com\/pt\/184294\/"},"modified":"2025-12-11T16:01:14","modified_gmt":"2025-12-11T16:01:14","slug":"qual-o-quadro-de-saude-de-isabel-veloso-internada-na-uti-veja-as-ultimas-atualizacoes","status":"publish","type":"post","link":"https:\/\/www.europesays.com\/pt\/184294\/","title":{"rendered":"Qual o quadro de sa\u00fade de Isabel Veloso, internada na UTI? Veja as \u00faltimas atualiza\u00e7\u00f5es"},"content":{"rendered":"<p>A influenciadora Isabel Veloso, de 19 anos, est\u00e1 internada na Unidade de Tratamanto Intensivo (UTI) do  Hospital Erasto Gaertner, em Curitiba (PR), desde o final de novembro. A jovem \u00e9 diagnosticada com linfoma de Hodgkin desde os 15 anos.<\/p>\n<p>Continua depois da publicidade<\/p>\n<p>Em 27 de novembro, o marido de Isabel, Lucas Borbas, usou as redes sociais para afirmar que ela <a href=\"https:\/\/www.nsctotal.com.br\/noticias\/influenciadora-isabel-veloso-e-internada-em-uti-e-intubada-diz-marido\" target=\"_blank\" rel=\"noreferrer noopener nofollow\"><strong>precisou ser intubada<\/strong><\/a> ap\u00f3s uma crise respirat\u00f3ria causada por excesso de magn\u00e9sio no sangue. Dias depois, foi diagnosticada com pneumonia grave, o que agravou o quadro cl\u00ednico.<\/p>\n<p>Pai pediu ora\u00e7\u00f5es<\/p>\n<p>No \u00faltimo domingo (7), o pai da influenciadora emocionou os seguidores com um pedido de ora\u00e7\u00e3o.<\/p>\n<p>\u201cSenhor, com humildade, te pe\u00e7o: olha pela minha filha com teus olhos de amor. Alivia sua dores, acalma seu corpo e fortalece sua alma. Tem piedade, Senhor\u2026 S\u00ea ref\u00fagio na ang\u00fastia, consolo no medo e cura no imposs\u00edvel. Entrego a Ti, confiando no Teu tempo e na Tua vontade. Am\u00e9m\u201d, escreveu Joelson com emojis de choro.<\/p>\n<p>Qual o hist\u00f3rico de Isabel Veloso1<\/p>\n<p>VoltarAvan\u00e7ar<\/p>\n<p><img loading=\"lazy\" decoding=\"async\" width=\"1200\" height=\"675\" data-id=\"7252251\" src=\"https:\/\/www.europesays.com\/pt\/wp-content\/uploads\/2025\/12\/Entenda-o-caso-de-Isabel-Veloso-influenciadora-gravida-com-cancer-terminal-3.jpg\" alt=\"\" class=\"wp-image-7252251\"  \/><\/p>\n<p>Jovem \u00e9 diagnosticada com c\u00e2ncer desde os 15 anos, e aos 17 descobriu que a doen\u00e7a era incur\u00e1vel e interrompeu o tratamento (Foto: Redes sociais, Reprodu\u00e7\u00e3o)<\/p>\n<p><img loading=\"lazy\" decoding=\"async\" width=\"1200\" height=\"675\" data-id=\"7252254\" src=\"https:\/\/www.europesays.com\/pt\/wp-content\/uploads\/2025\/12\/Entenda-o-caso-de-Isabel-Veloso-influenciadora-gravida-com-cancer-terminal-6.jpg\" alt=\"\" class=\"wp-image-7252254\"  \/><\/p>\n<p>Jovem tem um tipo de c\u00e2ncer no sangue com origem no sistema linf\u00e1tico (Foto: Redes sociais, Reprodu\u00e7\u00e3o)<\/p>\n<p><img loading=\"lazy\" decoding=\"async\" width=\"1200\" height=\"675\" data-id=\"7252250\" src=\"https:\/\/www.europesays.com\/pt\/wp-content\/uploads\/2025\/12\/Entenda-o-caso-de-Isabel-Veloso-influenciadora-gravida-com-cancer-terminal-2.jpg\" alt=\"\" class=\"wp-image-7252250\"  \/><\/p>\n<p>Isabel \u00e9 casada desde abril do ano passado (Foto: Redes sociais, Reprodu\u00e7\u00e3o)<\/p>\n<p><img loading=\"lazy\" decoding=\"async\" width=\"1200\" height=\"675\" data-id=\"7252255\" src=\"https:\/\/www.europesays.com\/pt\/wp-content\/uploads\/2025\/12\/Entenda-o-caso-de-Isabel-Veloso-influenciadora-gravida-com-cancer-terminal-1.jpg\" alt=\"\" class=\"wp-image-7252255\"  \/><\/p>\n<p>An\u00fancio da gravidez foi publicado nas redes sociais em agosto de 2024 (Foto: Redes sociais, Reprodu\u00e7\u00e3o)<\/p>\n<p><img loading=\"lazy\" decoding=\"async\" width=\"1920\" height=\"1080\" data-id=\"7509100\" src=\"https:\/\/www.europesays.com\/pt\/wp-content\/uploads\/2025\/12\/Isabel-Veloso-1.jpg\" alt=\"\" class=\"wp-image-7509100\"  \/><\/p>\n<p>Isabel, filho e marido em 2025 (Foto: Redes sociais, Reprodu\u00e7\u00e3o)<\/p>\n<p>Continua depois da publicidade<\/p>\n<p>Na \u00faltima segunda-feira (8), Lucas fez uma atualiza\u00e7\u00e3o nas redes sociais.<\/p>\n<p>\u201cEla est\u00e1 est\u00e1vel, ainda com ajuda dos aparelhos. \u00c9 um momento delicado, e como marido eu preciso dizer: postem fotos dela cheia de vida, sorrindo e vivendo \u2014 porque \u00e9 assim que eu vejo a minha Isa. O que ela passa agora \u00e9 um trecho, n\u00e3o o fim. Eu creio nisso\u201d, escreveu.<\/p>\n<p>Pai indica recupera\u00e7\u00e3o<\/p>\n<p>Na \u00faltima quarta-feira (11), Joelson Veloso, pai da influenciadora, fez uma breve atualiza\u00e7\u00e3o, indicando melhoras no quadro:<\/p>\n<p>\u201cEstamos vendo os frutos: sua recupera\u00e7\u00e3o, passo a passo, tem sido um verdadeiro milagre. Gratid\u00e3o a todos que t\u00eam orado, acreditado e sustentado nossa f\u00e9\u201d.<\/p>\n<p>Continua depois da publicidade<\/p>\n<p>Marido se muda de cidade<\/p>\n<p>Tamb\u00e9m na quarta-feira, Lucas Borbas revelou que deixou o apartamento da fam\u00edlia em Cascavel, que fica a mais de 500 quil\u00f4metros de dist\u00e2ncia de Curitiba, onde ela est\u00e1 internada.<\/p>\n<p>\u2014 A gente est\u00e1 indo muito para Curitiba e est\u00e1 tendo que pagar um apartamento em Curitiba, n\u00e3o \u00e9 um valor absurdo, mas \u00e9 dinheiro. N\u00e3o estou conseguindo manter esse apartamento em Cascavel \u2014 assumiu.<\/p>\n<p>Ele contou que se mudou para Dois Vizinhos, cidade natal da fam\u00edlia, para ter suporte emocional.<\/p>\n<p>\u2014 Como todo mundo sabe, nossa fam\u00edlia \u00e9 daqui. A fam\u00edlia da Isabel \u00e9 daqui. Querendo ou n\u00e3o, a gente tem muito suporte. Eu, principalmente, agora, nesse momento, tenho muito suporte emocional aqui. Eu n\u00e3o consigo ficar l\u00e1 \u2014 disse.<\/p>\n<p>Veja o v\u00eddeo do maridoQual \u00e9 a doen\u00e7a de Isabel Veloso<\/p>\n<p>Diagnosticada com linfoma de Hodgkin, Isabel Veloso usa as redes sociais para compartilhar detalhes do tratamento, desafios da doen\u00e7a e a maternidade. Em maio deste ano,\u00a0<a href=\"https:\/\/www.nsctotal.com.br\/noticias\/venci-isabel-veloso-influencer-em-estado-terminal-anuncia-a-remissao-do-cancer\" target=\"_blank\" rel=\"noreferrer noopener nofollow\"><strong>anunciou que a doen\u00e7a tinha entrado em remiss\u00e3o.<\/strong><\/a><\/p>\n<p>Continua depois da publicidade<\/p>\n<p>No in\u00edcio do ano, Isabel deu \u00e0 luz\u00a0<a href=\"https:\/\/www.nsctotal.com.br\/noticias\/com-cancer-terminal-isabel-veloso-da-a-luz-a-arthur-primeiro-filho-com-lucas-borbas\" target=\"_blank\" rel=\"noreferrer noopener nofollow\"><strong>o primeiro filho, Arthur<\/strong><\/a>, fruto do relacionamento com o marido, Lucas Borbas. O parto precisou ser adiantado por conta do tratamento contra a doen\u00e7a.<\/p>\n<p>Transplante de medula<\/p>\n<p>Isabel passou pelo segundo transplante de medula \u00f3ssea em 24 de outubro de 2025, com doa\u00e7\u00e3o do pr\u00f3prio pai. O transplante era uma das \u00faltimas alternativas para conter o avan\u00e7o do linfoma, que j\u00e1 havia atingido os pulm\u00f5es. Quando deixou o hospital, posou com um certificado com a frase: \u201cA medula pegou\u201d.<\/p>\n<p>Irm\u00e3 critica vazamento de fotos da UTI<\/p>\n<p>Priscila Kiekow, irm\u00e3 de Isabel Veloso, divulgou uma nota na segunda-feira (8) lamentando a exposi\u00e7\u00e3o de imagens da influenciadora na UTI, sem autoriza\u00e7\u00e3o da fam\u00edlia.<\/p>\n<p>Continua depois da publicidade<\/p>\n<p>\u201cTenho observado, com profunda tristeza e preocupa\u00e7\u00e3o, a divulga\u00e7\u00e3o de imagens e informa\u00e7\u00f5es que exp\u00f5em Isabel em um momento de extrema fragilidade, pr\u00e1ticas que, al\u00e9m de desnecess\u00e1rias, contrariam as orienta\u00e7\u00f5es da institui\u00e7\u00e3o onde ela est\u00e1 internada e violam sua privacidade (\u2026) Registrar e divulgar imagens dela desacordada, sem seu consentimento, vai contra tudo o que ela sempre defendeu e representa uma invas\u00e3o dolorosa para todos n\u00f3s\u201d, disse na nota.<\/p>\n<p>Procurado pela imprensa, o hospital negou o vazamento de imagens. Confira a nota:<\/p>\n<p>\u201cPelo o que foi apurado pelo HEG, as imagens da paciente Isabel Veloso, que t\u00eam circulado nas redes sociais, foram originalmente publicadas pela pr\u00f3pria fam\u00edlia e, posteriormente, recortadas e reutilizadas por terceiros, fora do contexto inicial. Refor\u00e7amos que estamos em contato com a fam\u00edlia para compreender a situa\u00e7\u00e3o e para reafirmar nosso compromisso com a \u00e9tica, o sigilo m\u00e9dico e o respeito absoluto \u00e0 privacidade da paciente e de seus familiares. Seguimos dedicados a oferecer assist\u00eancia respons\u00e1vel, humanizada e alinhada \u00e0s melhores pr\u00e1ticas de prote\u00e7\u00e3o de dados e dignidade em sa\u00fade\u201d.<\/p>\n","protected":false},"excerpt":{"rendered":"A influenciadora Isabel Veloso, de 19 anos, est\u00e1 internada na Unidade de Tratamanto Intensivo (UTI) do Hospital Erasto&hellip;\n","protected":false},"author":2,"featured_media":184295,"comment_status":"","ping_status":"","sticky":false,"template":"","format":"standard","meta":{"footnotes":""},"categories":[145],"tags":[211,210,829,114,115,4127,32,33],"class_list":{"0":"post-184294","1":"post","2":"type-post","3":"status-publish","4":"format-standard","5":"has-post-thumbnail","7":"category-celebridades","8":"tag-celebridades","9":"tag-celebrities","10":"tag-conteudo-liberado","11":"tag-entertainment","12":"tag-entretenimento","13":"tag-parana","14":"tag-portugal","15":"tag-pt"},"share_on_mastodon":{"url":"https:\/\/pubeurope.com\/@pt\/115701775597458549","error":""},"_links":{"self":[{"href":"https:\/\/www.europesays.com\/pt\/wp-json\/wp\/v2\/posts\/184294","targetHints":{"allow":["GET"]}}],"collection":[{"href":"https:\/\/www.europesays.com\/pt\/wp-json\/wp\/v2\/posts"}],"about":[{"href":"https:\/\/www.europesays.com\/pt\/wp-json\/wp\/v2\/types\/post"}],"author":[{"embeddable":true,"href":"https:\/\/www.europesays.com\/pt\/wp-json\/wp\/v2\/users\/2"}],"replies":[{"embeddable":true,"href":"https:\/\/www.europesays.com\/pt\/wp-json\/wp\/v2\/comments?post=184294"}],"version-history":[{"count":0,"href":"https:\/\/www.europesays.com\/pt\/wp-json\/wp\/v2\/posts\/184294\/revisions"}],"wp:featuredmedia":[{"embeddable":true,"href":"https:\/\/www.europesays.com\/pt\/wp-json\/wp\/v2\/media\/184295"}],"wp:attachment":[{"href":"https:\/\/www.europesays.com\/pt\/wp-json\/wp\/v2\/media?parent=184294"}],"wp:term":[{"taxonomy":"category","embeddable":true,"href":"https:\/\/www.europesays.com\/pt\/wp-json\/wp\/v2\/categories?post=184294"},{"taxonomy":"post_tag","embeddable":true,"href":"https:\/\/www.europesays.com\/pt\/wp-json\/wp\/v2\/tags?post=184294"}],"curies":[{"name":"wp","href":"https:\/\/api.w.org\/{rel}","templated":true}]}}