{"id":184302,"date":"2025-12-11T16:07:23","date_gmt":"2025-12-11T16:07:23","guid":{"rendered":"https:\/\/www.europesays.com\/pt\/184302\/"},"modified":"2025-12-11T16:07:23","modified_gmt":"2025-12-11T16:07:23","slug":"leao-escorrega-no-pais-basco-para-a-taca-europa","status":"publish","type":"post","link":"https:\/\/www.europesays.com\/pt\/184302\/","title":{"rendered":"Le\u00e3o escorrega no Pa\u00eds Basco para a Ta\u00e7a Europa"},"content":{"rendered":"<p>O Sporting perdeu no Pa\u00eds Basco\u00a0o primeiro jogo da segunda ronda da Ta\u00e7a Europa,\u00a0frente ao local\u00a0Surne\u00a0Bilbao\u00a0Basket, por 94-79. Os le\u00f5es estiveram sempre dentro da discuss\u00e3o do jogo, ainda que os espanh\u00f3is tivessem liderado os dois primeiros parciais, atingindo o intervalo j\u00e1 a vencer por onze pontos (49-38), mas apenas devido a uma ponta final de segundo quarto menos conseguido pela equipa portuguesa.<\/p>\n<p>A forma\u00e7\u00e3o orientada por Lu\u00eds Magalh\u00e3es reequilibrou a contenda nos primeiros minutos ap\u00f3s o regresso dos balne\u00e1rios, mas\u00a0nunca foi capaz\u00a0de amea\u00e7ar o controlo da partida pelo Bilbao, que no derradeiro per\u00edodo ainda dilatou a vantagem\u00a0em quatro pontos, para finais 14.<\/p>\n<p>No Sporting, destaque para a \u00f3tima exibi\u00e7\u00e3o de Francisco Amarante, com 25 pontos (melhor marcador do jogo em igualdade com o polaco do\u00a0Surne, Luke\u00a0Petrasek. O\u00a0internacional portugu\u00eas\u00a0acrescentou \u00e0quele pec\u00falio 10 ressaltos, tr\u00eas assist\u00eancias e um roubo de bola, atingindo a nota 30 de efici\u00eancia, o melhor jogador em campo (MVP).<\/p>\n<p>Na pr\u00f3xima jornada do Grupo M, a equipa verde e branca recebe no Pavilh\u00e3o Jo\u00e3o Rocha, os gregos do PAOK,\u00a0que venceram na ronda de abertura, em casa,\u00a0os eslovacos do\u00a0Prievidza, por 101-70.<\/p>\n","protected":false},"excerpt":{"rendered":"O Sporting perdeu no Pa\u00eds Basco\u00a0o primeiro jogo da segunda ronda da Ta\u00e7a Europa,\u00a0frente ao local\u00a0Surne\u00a0Bilbao\u00a0Basket, por 94-79.&hellip;\n","protected":false},"author":2,"featured_media":184303,"comment_status":"","ping_status":"","sticky":false,"template":"","format":"standard","meta":{"footnotes":""},"categories":[87],"tags":[135,32,33,134],"class_list":{"0":"post-184302","1":"post","2":"type-post","3":"status-publish","4":"format-standard","5":"has-post-thumbnail","7":"category-desporto","8":"tag-desporto","9":"tag-portugal","10":"tag-pt","11":"tag-sports"},"share_on_mastodon":{"url":"https:\/\/pubeurope.com\/@pt\/115701798970487338","error":""},"_links":{"self":[{"href":"https:\/\/www.europesays.com\/pt\/wp-json\/wp\/v2\/posts\/184302","targetHints":{"allow":["GET"]}}],"collection":[{"href":"https:\/\/www.europesays.com\/pt\/wp-json\/wp\/v2\/posts"}],"about":[{"href":"https:\/\/www.europesays.com\/pt\/wp-json\/wp\/v2\/types\/post"}],"author":[{"embeddable":true,"href":"https:\/\/www.europesays.com\/pt\/wp-json\/wp\/v2\/users\/2"}],"replies":[{"embeddable":true,"href":"https:\/\/www.europesays.com\/pt\/wp-json\/wp\/v2\/comments?post=184302"}],"version-history":[{"count":0,"href":"https:\/\/www.europesays.com\/pt\/wp-json\/wp\/v2\/posts\/184302\/revisions"}],"wp:featuredmedia":[{"embeddable":true,"href":"https:\/\/www.europesays.com\/pt\/wp-json\/wp\/v2\/media\/184303"}],"wp:attachment":[{"href":"https:\/\/www.europesays.com\/pt\/wp-json\/wp\/v2\/media?parent=184302"}],"wp:term":[{"taxonomy":"category","embeddable":true,"href":"https:\/\/www.europesays.com\/pt\/wp-json\/wp\/v2\/categories?post=184302"},{"taxonomy":"post_tag","embeddable":true,"href":"https:\/\/www.europesays.com\/pt\/wp-json\/wp\/v2\/tags?post=184302"}],"curies":[{"name":"wp","href":"https:\/\/api.w.org\/{rel}","templated":true}]}}