{"id":184304,"date":"2025-12-11T16:08:11","date_gmt":"2025-12-11T16:08:11","guid":{"rendered":"https:\/\/www.europesays.com\/pt\/184304\/"},"modified":"2025-12-11T16:08:11","modified_gmt":"2025-12-11T16:08:11","slug":"prefeitura-de-marica-realiza-acao-do-dezembro-vermelho-com-dialogos-e-testagem-na-usf-central","status":"publish","type":"post","link":"https:\/\/www.europesays.com\/pt\/184304\/","title":{"rendered":"Prefeitura de Maric\u00e1 realiza a\u00e7\u00e3o do Dezembro Vermelho com di\u00e1logos e testagem na USF Central"},"content":{"rendered":"<p>                &#13;<\/p>\n<p>\t\t\t\t<img loading=\"lazy\" width=\"1200\" height=\"1408\" src=\"https:\/\/www.europesays.com\/pt\/wp-content\/uploads\/2025\/12\/WhatsApp-Image-2025-12-10-at-18.39.54-e1765468673983.jpeg\" class=\"attachment-post-thumbnail size-post-thumbnail wp-post-image\" alt=\"\" decoding=\"async\"  \/>\t\t\t&#13;<br \/>\n&#13;<br \/>\n\t\tFoto: Raisa Lace<\/p>\n<p>A Prefeitura de Maric\u00e1, por meio da Secretaria de Sa\u00fade, promoveu nesta quarta-feira (10\/12), uma a\u00e7\u00e3o na Unidade de Sa\u00fade da Fam\u00edlia (USF) Central em alus\u00e3o ao Dezembro Vermelho, marcando a campanha nacional dedicada \u00e0 conscientiza\u00e7\u00e3o sobre o HIV\/AIDS e outras Infec\u00e7\u00f5es Sexualmente Transmiss\u00edveis (ISTs). A programa\u00e7\u00e3o incluiu uma roda de conversa aberta \u00e0 popula\u00e7\u00e3o e oferta de testagem r\u00e1pida para HIV, s\u00edfilis, hepatite B e hepatite C.<\/p>\n<p>A iniciativa refor\u00e7ou a import\u00e2ncia do cuidado, da empatia e da dissemina\u00e7\u00e3o de informa\u00e7\u00f5es seguras, incentivando o diagn\u00f3stico precoce e o acompanhamento adequado. Al\u00e9m das atividades na USF Central, a iniciativa ressaltou que os testes s\u00e3o gratuitos, r\u00e1pidos, sigilosos e dispon\u00edveis em todas as unidades de sa\u00fade do munic\u00edpio, incluindo as USFs e o Servi\u00e7o de Atendimento Especializado (SAE), em Ara\u00e7atiba.<\/p>\n<p>O secret\u00e1rio de Sa\u00fade, dr. Marcelo Velho, destacou que a mobiliza\u00e7\u00e3o foi fundamental para ampliar o acesso \u00e0s a\u00e7\u00f5es de preven\u00e7\u00e3o \u00e0s ISTs.<\/p>\n<p>\u201cO Dezembro Vermelho refor\u00e7a nosso compromisso com a preven\u00e7\u00e3o e o cuidado integral. Ao aproximarmos informa\u00e7\u00e3o, testagem e di\u00e1logos da popula\u00e7\u00e3o, ampliamos o diagn\u00f3stico precoce e garantimos mais qualidade de vida \u00e0s pessoas que vivem com HIV\/AIDS ou outras ISTs\u201d, afirmou.<\/p>\n<p>A subsecret\u00e1ria de Promo\u00e7\u00e3o e Aten\u00e7\u00e3o Prim\u00e1ria, Regina Ferreira, ressaltou a import\u00e2ncia da participa\u00e7\u00e3o da popula\u00e7\u00e3o e o papel das equipes da Aten\u00e7\u00e3o Prim\u00e1ria na orienta\u00e7\u00e3o cont\u00ednua.<\/p>\n<p>\u201cEstimular o di\u00e1logo e facilitar o acesso aos testes r\u00e1pidos sobre ISTs \u00e9 essencial para que as pessoas se sintam acolhidas e seguras ao buscar o servi\u00e7o de sa\u00fade. A preven\u00e7\u00e3o come\u00e7a pela informa\u00e7\u00e3o, e nossas equipes est\u00e3o preparadas para orientar e apoiar cada usu\u00e1rio\u201d, refor\u00e7ou.<\/p>\n<p>A gerente da USF Central, Camila Fran\u00e7a, garantiu que a unidade est\u00e1 mobilizada para fortalecer a preven\u00e7\u00e3o e o diagn\u00f3stico precoce.<\/p>\n<p>\u201cNesse m\u00eas, durante o Dezembro Vermelho, estamos mobilizados na conscientiza\u00e7\u00e3o sobre as ISTs, acolhendo a sociedade e ressaltando o impacto de testes r\u00e1pidos e do diagn\u00f3stico precoce. Tamb\u00e9m orientamos sobre a PrEP e a PEP, fazendo a diferen\u00e7a no dia a dia da popula\u00e7\u00e3o\u201d, ressaltou.<\/p>\n<p>Durante a a\u00e7\u00e3o, os usu\u00e1rios que comparecerem \u00e0 unidade tamb\u00e9m esclareceram d\u00favidas sobre preven\u00e7\u00e3o combinada, incluindo o uso de preservativos e m\u00e9todos como PrEP (profilaxia pr\u00e9-exposi\u00e7\u00e3o) e PEP (profilaxia p\u00f3s-exposi\u00e7\u00e3o). Tamb\u00e9m ser\u00e3o refor\u00e7adas orienta\u00e7\u00f5es sobre pr\u00e1ticas seguras, import\u00e2ncia da testagem regular e cuidados no compartilhamento de objetos perfurocortantes.<\/p>\n<p>M\u00f4nica Josefa da Concei\u00e7\u00e3o, usu\u00e1ria da USF Central, se uniu \u00e0 mobiliza\u00e7\u00e3o e destacou o seu impacto.<\/p>\n<p>\u201cAproveitei o dia para participar dessa a\u00e7\u00e3o, fazendo os testes r\u00e1pidos e participando tamb\u00e9m dessa campanha do Dezembro Vermelho. \u00c9 muito importante mantermos os testes em dia, garantindo que nossa sa\u00fade esteja sendo acompanhada sempre\u201d, concluiu.<\/p>\n","protected":false},"excerpt":{"rendered":"&#13; &#13; &#13; Foto: Raisa Lace A Prefeitura de Maric\u00e1, por meio da Secretaria de Sa\u00fade, promoveu nesta&hellip;\n","protected":false},"author":2,"featured_media":184305,"comment_status":"","ping_status":"","sticky":false,"template":"","format":"standard","meta":{"footnotes":""},"categories":[86],"tags":[116,32,33,117],"class_list":{"0":"post-184304","1":"post","2":"type-post","3":"status-publish","4":"format-standard","5":"has-post-thumbnail","7":"category-saude","8":"tag-health","9":"tag-portugal","10":"tag-pt","11":"tag-saude"},"share_on_mastodon":{"url":"https:\/\/pubeurope.com\/@pt\/115701803057502975","error":""},"_links":{"self":[{"href":"https:\/\/www.europesays.com\/pt\/wp-json\/wp\/v2\/posts\/184304","targetHints":{"allow":["GET"]}}],"collection":[{"href":"https:\/\/www.europesays.com\/pt\/wp-json\/wp\/v2\/posts"}],"about":[{"href":"https:\/\/www.europesays.com\/pt\/wp-json\/wp\/v2\/types\/post"}],"author":[{"embeddable":true,"href":"https:\/\/www.europesays.com\/pt\/wp-json\/wp\/v2\/users\/2"}],"replies":[{"embeddable":true,"href":"https:\/\/www.europesays.com\/pt\/wp-json\/wp\/v2\/comments?post=184304"}],"version-history":[{"count":0,"href":"https:\/\/www.europesays.com\/pt\/wp-json\/wp\/v2\/posts\/184304\/revisions"}],"wp:featuredmedia":[{"embeddable":true,"href":"https:\/\/www.europesays.com\/pt\/wp-json\/wp\/v2\/media\/184305"}],"wp:attachment":[{"href":"https:\/\/www.europesays.com\/pt\/wp-json\/wp\/v2\/media?parent=184304"}],"wp:term":[{"taxonomy":"category","embeddable":true,"href":"https:\/\/www.europesays.com\/pt\/wp-json\/wp\/v2\/categories?post=184304"},{"taxonomy":"post_tag","embeddable":true,"href":"https:\/\/www.europesays.com\/pt\/wp-json\/wp\/v2\/tags?post=184304"}],"curies":[{"name":"wp","href":"https:\/\/api.w.org\/{rel}","templated":true}]}}