{"id":184320,"date":"2025-12-11T16:29:09","date_gmt":"2025-12-11T16:29:09","guid":{"rendered":"https:\/\/www.europesays.com\/pt\/184320\/"},"modified":"2025-12-11T16:29:09","modified_gmt":"2025-12-11T16:29:09","slug":"sao-joao-da-mata-jornal-panorama","status":"publish","type":"post","link":"https:\/\/www.europesays.com\/pt\/184320\/","title":{"rendered":"S\u00e3o Jo\u00e3o da Mata &#8211; Jornal Panorama"},"content":{"rendered":"<p>Em S\u00e3o Jo\u00e3o da Mata, o dia 8 de dezembro marcou a chegada do TechDengue, uma tecnologia inovadora desenvolvida para fortalecer o combate aos focos de dengue no munic\u00edpio. O sistema realiza o mapeamento preciso das \u00e1reas de risco, permitindo que as equipes de sa\u00fade atuem de forma mais estrat\u00e9gica e eficiente no enfrentamento ao mosquito transmissor.<\/p>\n<p>Segundo a administra\u00e7\u00e3o municipal, a iniciativa \u00e9 essencial para orientar o trabalho dos agentes, aprimorar a preven\u00e7\u00e3o e garantir mais seguran\u00e7a para a popula\u00e7\u00e3o. Com o suporte tecnol\u00f3gico, o munic\u00edpio busca ampliar o monitoramento, agilizar a identifica\u00e7\u00e3o de focos e evitar a prolifera\u00e7\u00e3o da doen\u00e7a.<\/p>\n<p>A gest\u00e3o destacou que o enfrentamento \u00e0 dengue exige uni\u00e3o, responsabilidade e inova\u00e7\u00e3o, refor\u00e7ando o compromisso de avan\u00e7ar continuamente na prote\u00e7\u00e3o da sa\u00fade p\u00fablica.<\/p>\n<p><strong>Da reda\u00e7\u00e3o do Jornal Panorama com informa\u00e7\u00f5es e fotos da Prefeitura de S\u00e3o Jo\u00e3o da Mata<\/strong><\/p>\n<blockquote class=\"wp-block-quote is-layout-flow wp-block-quote-is-layout-flow\">\n<p class=\"has-text-align-center has-light-green-cyan-color has-text-color has-link-color has-regular-font-size wp-elements-9c22e122850c2044e0bcb21592eeb838\">Jornal Panorama Minas \u2013 Grande Circula\u00e7\u00e3o \u2013 Noticiando o Brasil, Minas e o Mundo \u2013 50 anos de jornalismo \u00e9tico e profissional<\/p>\n<\/blockquote>\n","protected":false},"excerpt":{"rendered":"Em S\u00e3o Jo\u00e3o da Mata, o dia 8 de dezembro marcou a chegada do TechDengue, uma tecnologia inovadora&hellip;\n","protected":false},"author":2,"featured_media":184321,"comment_status":"","ping_status":"","sticky":false,"template":"","format":"standard","meta":{"footnotes":""},"categories":[86],"tags":[116,32,33,117],"class_list":{"0":"post-184320","1":"post","2":"type-post","3":"status-publish","4":"format-standard","5":"has-post-thumbnail","7":"category-saude","8":"tag-health","9":"tag-portugal","10":"tag-pt","11":"tag-saude"},"share_on_mastodon":{"url":"https:\/\/pubeurope.com\/@pt\/115701885523983005","error":""},"_links":{"self":[{"href":"https:\/\/www.europesays.com\/pt\/wp-json\/wp\/v2\/posts\/184320","targetHints":{"allow":["GET"]}}],"collection":[{"href":"https:\/\/www.europesays.com\/pt\/wp-json\/wp\/v2\/posts"}],"about":[{"href":"https:\/\/www.europesays.com\/pt\/wp-json\/wp\/v2\/types\/post"}],"author":[{"embeddable":true,"href":"https:\/\/www.europesays.com\/pt\/wp-json\/wp\/v2\/users\/2"}],"replies":[{"embeddable":true,"href":"https:\/\/www.europesays.com\/pt\/wp-json\/wp\/v2\/comments?post=184320"}],"version-history":[{"count":0,"href":"https:\/\/www.europesays.com\/pt\/wp-json\/wp\/v2\/posts\/184320\/revisions"}],"wp:featuredmedia":[{"embeddable":true,"href":"https:\/\/www.europesays.com\/pt\/wp-json\/wp\/v2\/media\/184321"}],"wp:attachment":[{"href":"https:\/\/www.europesays.com\/pt\/wp-json\/wp\/v2\/media?parent=184320"}],"wp:term":[{"taxonomy":"category","embeddable":true,"href":"https:\/\/www.europesays.com\/pt\/wp-json\/wp\/v2\/categories?post=184320"},{"taxonomy":"post_tag","embeddable":true,"href":"https:\/\/www.europesays.com\/pt\/wp-json\/wp\/v2\/tags?post=184320"}],"curies":[{"name":"wp","href":"https:\/\/api.w.org\/{rel}","templated":true}]}}