{"id":184326,"date":"2025-12-11T16:33:07","date_gmt":"2025-12-11T16:33:07","guid":{"rendered":"https:\/\/www.europesays.com\/pt\/184326\/"},"modified":"2025-12-11T16:33:07","modified_gmt":"2025-12-11T16:33:07","slug":"primeiro-ministro-indiano-revela-conversa-com-trump-sobre-relacoes-bilaterais","status":"publish","type":"post","link":"https:\/\/www.europesays.com\/pt\/184326\/","title":{"rendered":"Primeiro-ministro indiano revela conversa com Trump sobre rela\u00e7\u00f5es bilaterais"},"content":{"rendered":"<p><strong>O primeiro-ministro indiano, Narendra Modi, revelou esta quinta-feira ter conversado por telefone com o presidente dos EUA, Donald Trump, sobre as rela\u00e7\u00f5es bilaterais com a \u00cdndia. <\/strong><\/p>\n<blockquote><p> &#8220;Tive uma conversa muito calorosa e envolvente com o presidente Trump. Analis\u00e1mos o progresso nas nossas rela\u00e7\u00f5es bilaterais e discutimos os desenvolvimentos regionais e internacionais &#8220;, anunciou Modi.  <\/p><\/blockquote>\n<p>O primeiro-ministro indiano garantiu ainda que a &#8220;\u00cdndia e os EUA continuar\u00e3o a trabalhar juntos pela paz, estabilidade e prosperidade globais&#8221;. <\/p>\n<p>Recorde-se que em agosto os EUA aplicaram tarifas adicionais de 25% sobre produtos indianos em resposta \u00e0 compra pela \u00cdndia de petr\u00f3leo bruto russo, uma pol\u00edtica que o Governo indiano tem defendido por raz\u00f5es de seguran\u00e7a energ\u00e9tica e de controlo da infla\u00e7\u00e3o.<\/p>\n<p>Estas tarifas adicionais somam-se \u00e0s que j\u00e1 tinham sido impostas e concentram-se em sectores-chave para gerar press\u00e3o social e econ\u00f3mica, como t\u00eaxteis, pedras preciosas e marisco, isentando produtos em que os EUA t\u00eam interesse, como produtos farmac\u00eauticos e eletr\u00f3nica.<\/p>\n<p>O Governo da \u00cdndia estimava, na altura, que 55% do valor total das suas exporta\u00e7\u00f5es de mercadorias para os Estados Unidos ser\u00e1 afetado pelas novas tarifas.<\/p>\n","protected":false},"excerpt":{"rendered":"O primeiro-ministro indiano, Narendra Modi, revelou esta quinta-feira ter conversado por telefone com o presidente dos EUA, Donald&hellip;\n","protected":false},"author":2,"featured_media":184327,"comment_status":"","ping_status":"","sticky":false,"template":"","format":"standard","meta":{"footnotes":""},"categories":[50],"tags":[27,28,15,16,14,25,26,21,22,62,12,13,19,20,23,24,17,18,29,30,31,63,64,65],"class_list":{"0":"post-184326","1":"post","2":"type-post","3":"status-publish","4":"format-standard","5":"has-post-thumbnail","7":"category-mundo","8":"tag-breaking-news","9":"tag-breakingnews","10":"tag-featured-news","11":"tag-featurednews","12":"tag-headlines","13":"tag-latest-news","14":"tag-latestnews","15":"tag-main-news","16":"tag-mainnews","17":"tag-mundo","18":"tag-news","19":"tag-noticias","20":"tag-noticias-principais","21":"tag-noticiasprincipais","22":"tag-principais-noticias","23":"tag-principaisnoticias","24":"tag-top-stories","25":"tag-topstories","26":"tag-ultimas","27":"tag-ultimas-noticias","28":"tag-ultimasnoticias","29":"tag-world","30":"tag-world-news","31":"tag-worldnews"},"share_on_mastodon":{"url":"https:\/\/pubeurope.com\/@pt\/115701901098310344","error":""},"_links":{"self":[{"href":"https:\/\/www.europesays.com\/pt\/wp-json\/wp\/v2\/posts\/184326","targetHints":{"allow":["GET"]}}],"collection":[{"href":"https:\/\/www.europesays.com\/pt\/wp-json\/wp\/v2\/posts"}],"about":[{"href":"https:\/\/www.europesays.com\/pt\/wp-json\/wp\/v2\/types\/post"}],"author":[{"embeddable":true,"href":"https:\/\/www.europesays.com\/pt\/wp-json\/wp\/v2\/users\/2"}],"replies":[{"embeddable":true,"href":"https:\/\/www.europesays.com\/pt\/wp-json\/wp\/v2\/comments?post=184326"}],"version-history":[{"count":0,"href":"https:\/\/www.europesays.com\/pt\/wp-json\/wp\/v2\/posts\/184326\/revisions"}],"wp:featuredmedia":[{"embeddable":true,"href":"https:\/\/www.europesays.com\/pt\/wp-json\/wp\/v2\/media\/184327"}],"wp:attachment":[{"href":"https:\/\/www.europesays.com\/pt\/wp-json\/wp\/v2\/media?parent=184326"}],"wp:term":[{"taxonomy":"category","embeddable":true,"href":"https:\/\/www.europesays.com\/pt\/wp-json\/wp\/v2\/categories?post=184326"},{"taxonomy":"post_tag","embeddable":true,"href":"https:\/\/www.europesays.com\/pt\/wp-json\/wp\/v2\/tags?post=184326"}],"curies":[{"name":"wp","href":"https:\/\/api.w.org\/{rel}","templated":true}]}}