{"id":184330,"date":"2025-12-11T16:44:09","date_gmt":"2025-12-11T16:44:09","guid":{"rendered":"https:\/\/www.europesays.com\/pt\/184330\/"},"modified":"2025-12-11T16:44:09","modified_gmt":"2025-12-11T16:44:09","slug":"pantera-negra-3-ganha-previsao-de-estreia-e-pode-mostrar-o-futuro-do-mcu-apos-guerras-secretas","status":"publish","type":"post","link":"https:\/\/www.europesays.com\/pt\/184330\/","title":{"rendered":"Pantera Negra 3 ganha previs\u00e3o de estreia e pode mostrar o futuro do MCU ap\u00f3s Guerras Secretas"},"content":{"rendered":"<p>  <img width=\"76\" height=\"40\"   alt=\"Capa da Publica\u00e7\u00e3o\" class=\"article-cover__image\"\/><\/p>\n<p class=\"post__tagline\">Longa deve ser o primeiro a mostrar a nova linha temporal da Marvel<\/p>\n<p>        11\/12\/2025      <\/p>\n<p>        &#8230;<\/p>\n<p>      Por<br \/>\n      <a href=\"https:\/\/twitter.com\/\" target=\"_blank\" rel=\"nofollow noopener\"><br \/>\n        Equipe Legi\u00e3o dos Her\u00f3is      <\/a><\/p>\n<p>O terceiro filme da franquia mais querida da Marvel finalmente ganhou uma previs\u00e3o de estreia, e tudo indica que o longa dirigido por Ryan Coogler ser\u00e1 um dos primeiros a mostrar o que acontece depois de <strong>Vingadores: Guerras Secretas<\/strong>.<\/p>\n<p>Pantera Negra 3 e o novo momento do MCU<\/p>\n<p>Em entrevista ao <a href=\"https:\/\/www.nytimes.com\/2025\/12\/10\/movies\/ryan-coogler-interview-sinners-black-panther.html\" target=\"_blank\" rel=\"noopener nofollow\">The New York Times<\/a>, Ryan Coogler contou que <strong>Pantera Negra 3<\/strong> deve chegar aos cinemas em <strong>2028<\/strong>. Essa data j\u00e1 mostra como o filme deve ser importante para o futuro do Universo Cinematogr\u00e1fico da Marvel.<\/p>\n<p>A estreia em 2028 coloca o filme depois dos eventos de Guerras Secretas, produ\u00e7\u00e3o que muita gente acredita que vai funcionar como um grande rein\u00edcio da linha do tempo do MCU. Isso quer dizer que Pantera Negra 3 deve ser um dos primeiros filmes a mostrar como o universo vai ficar depois dessa mudan\u00e7a, podendo trazer altera\u00e7\u00f5es no mundo, nos her\u00f3is e at\u00e9 mesmo no elenco.<\/p>\n<p><img fetchpriority=\"high\" decoding=\"async\" class=\"alignnone size-full wp-image-878978 lazyload\" alt=\"\" width=\"760\" height=\"398\" \/><\/p>\n<p>O foco de Ryan Coogler<\/p>\n<p>Coogler, que volta como diretor, explicou o motivo da espera pelo terceiro filme. Ele decidiu priorizar o projeto original dele, <strong>Sinners<\/strong>, que acabou se tornando um sucesso. Segundo ele, precisava fazer um filme que fosse totalmente pessoal antes de retornar a uma grande franquia.<\/p>\n<p>O sucesso de <strong>Pantera Negra: Wakanda Para Sempre<\/strong>, que teve que lidar com a perda de Chadwick Boseman, deu for\u00e7a para que ele continuasse. Ele comentou que houve momentos em que parecia imposs\u00edvel terminar o filme, mas que, quando foi lan\u00e7ado e ele ficou satisfeito com o resultado, percebeu que poderia seguir nesse caminho.<\/p>\n<p>Com Pantera Negra 3 previsto para 2028, Coogler enxerga esse momento como uma grande oportunidade para o futuro da carreira dele, e o novo filme de Wakanda deve marcar o in\u00edcio de uma fase empolgante para o MCU.<\/p>\n<p>Fique com:<\/p>\n<p>    <script async src=\"https:\/\/platform.twitter.com\/widgets.js\" charset=\"utf-8\"><\/script><\/p>\n","protected":false},"excerpt":{"rendered":"Longa deve ser o primeiro a mostrar a nova linha temporal da Marvel 11\/12\/2025 &#8230; Por Equipe Legi\u00e3o&hellip;\n","protected":false},"author":2,"featured_media":184331,"comment_status":"","ping_status":"","sticky":false,"template":"","format":"standard","meta":{"footnotes":""},"categories":[140],"tags":[114,115,147,148,22222,18397,146,32,33],"class_list":{"0":"post-184330","1":"post","2":"type-post","3":"status-publish","4":"format-standard","5":"has-post-thumbnail","7":"category-filmes","8":"tag-entertainment","9":"tag-entretenimento","10":"tag-film","11":"tag-filmes","12":"tag-lex-luthor","13":"tag-longlegs","14":"tag-movies","15":"tag-portugal","16":"tag-pt"},"share_on_mastodon":{"url":"https:\/\/pubeurope.com\/@pt\/115701944575002102","error":""},"_links":{"self":[{"href":"https:\/\/www.europesays.com\/pt\/wp-json\/wp\/v2\/posts\/184330","targetHints":{"allow":["GET"]}}],"collection":[{"href":"https:\/\/www.europesays.com\/pt\/wp-json\/wp\/v2\/posts"}],"about":[{"href":"https:\/\/www.europesays.com\/pt\/wp-json\/wp\/v2\/types\/post"}],"author":[{"embeddable":true,"href":"https:\/\/www.europesays.com\/pt\/wp-json\/wp\/v2\/users\/2"}],"replies":[{"embeddable":true,"href":"https:\/\/www.europesays.com\/pt\/wp-json\/wp\/v2\/comments?post=184330"}],"version-history":[{"count":0,"href":"https:\/\/www.europesays.com\/pt\/wp-json\/wp\/v2\/posts\/184330\/revisions"}],"wp:featuredmedia":[{"embeddable":true,"href":"https:\/\/www.europesays.com\/pt\/wp-json\/wp\/v2\/media\/184331"}],"wp:attachment":[{"href":"https:\/\/www.europesays.com\/pt\/wp-json\/wp\/v2\/media?parent=184330"}],"wp:term":[{"taxonomy":"category","embeddable":true,"href":"https:\/\/www.europesays.com\/pt\/wp-json\/wp\/v2\/categories?post=184330"},{"taxonomy":"post_tag","embeddable":true,"href":"https:\/\/www.europesays.com\/pt\/wp-json\/wp\/v2\/tags?post=184330"}],"curies":[{"name":"wp","href":"https:\/\/api.w.org\/{rel}","templated":true}]}}