{"id":184332,"date":"2025-12-11T16:45:11","date_gmt":"2025-12-11T16:45:11","guid":{"rendered":"https:\/\/www.europesays.com\/pt\/184332\/"},"modified":"2025-12-11T16:45:11","modified_gmt":"2025-12-11T16:45:11","slug":"noticia-record-sporting-tenta-garantir-geny-catamo-e-diomande-no-jogo-da-taca-de-portugal-liga-betclic","status":"publish","type":"post","link":"https:\/\/www.europesays.com\/pt\/184332\/","title":{"rendered":"Not\u00edcia Record: Sporting tenta garantir Geny Catamo e Diomande no jogo da Ta\u00e7a de Portugal &#8211; Liga Betclic"},"content":{"rendered":"<p>                    10:00<\/p>\n<p>SAD em contacto com as federa\u00e7\u00f5es de Mo\u00e7ambique e da Costa do Marfim<\/p>\n<p class=\"\">&#13;<br \/>\n        O Sporting est\u00e1 a tentar assegurar as presen\u00e7as de Geny Catamo e Diomande no jogo com o Santa Clara, relativo \u00e0 Ta\u00e7a de Portugal, que ser\u00e1 disputado a 18 de dezembro, nos A\u00e7ores, e, nesse sentido, encontra-se em contacto com as federa\u00e7\u00f5es de Mo\u00e7ambique e da Costa do Marfim. Os dois jogadores, recorde-se, foram chamados para disputar a CAN que decorrer\u00e1 em Marrocos, de 21 de dezembro a 18 de janeiro.&#13;\n    <\/p>\n<p>                        Para ler TODOS OS ARTIGOS RECORD PREMIUM durante o dia 11.12.2025 insira o seu n\u00famero de telem\u00f3vel e clique em OK<\/p>\n<p>Consulte a aplica\u00e7\u00e3o MBway no seu telem\u00f3vel e aceite a transa\u00e7\u00e3o&#13;\n                    <\/p>\n<p>                        Os seus dados n\u00e3o ser\u00e3o guardados pelo Record<\/p>\n<p>                    Por Jo\u00e3o Soares Ribeiro<\/p>\n","protected":false},"excerpt":{"rendered":"10:00 SAD em contacto com as federa\u00e7\u00f5es de Mo\u00e7ambique e da Costa do Marfim &#13; O Sporting est\u00e1&hellip;\n","protected":false},"author":2,"featured_media":184333,"comment_status":"","ping_status":"","sticky":false,"template":"","format":"standard","meta":{"footnotes":""},"categories":[87],"tags":[135,32,33,134],"class_list":{"0":"post-184332","1":"post","2":"type-post","3":"status-publish","4":"format-standard","5":"has-post-thumbnail","7":"category-desporto","8":"tag-desporto","9":"tag-portugal","10":"tag-pt","11":"tag-sports"},"share_on_mastodon":{"url":"https:\/\/pubeurope.com\/@pt\/115701948604173090","error":""},"_links":{"self":[{"href":"https:\/\/www.europesays.com\/pt\/wp-json\/wp\/v2\/posts\/184332","targetHints":{"allow":["GET"]}}],"collection":[{"href":"https:\/\/www.europesays.com\/pt\/wp-json\/wp\/v2\/posts"}],"about":[{"href":"https:\/\/www.europesays.com\/pt\/wp-json\/wp\/v2\/types\/post"}],"author":[{"embeddable":true,"href":"https:\/\/www.europesays.com\/pt\/wp-json\/wp\/v2\/users\/2"}],"replies":[{"embeddable":true,"href":"https:\/\/www.europesays.com\/pt\/wp-json\/wp\/v2\/comments?post=184332"}],"version-history":[{"count":0,"href":"https:\/\/www.europesays.com\/pt\/wp-json\/wp\/v2\/posts\/184332\/revisions"}],"wp:featuredmedia":[{"embeddable":true,"href":"https:\/\/www.europesays.com\/pt\/wp-json\/wp\/v2\/media\/184333"}],"wp:attachment":[{"href":"https:\/\/www.europesays.com\/pt\/wp-json\/wp\/v2\/media?parent=184332"}],"wp:term":[{"taxonomy":"category","embeddable":true,"href":"https:\/\/www.europesays.com\/pt\/wp-json\/wp\/v2\/categories?post=184332"},{"taxonomy":"post_tag","embeddable":true,"href":"https:\/\/www.europesays.com\/pt\/wp-json\/wp\/v2\/tags?post=184332"}],"curies":[{"name":"wp","href":"https:\/\/api.w.org\/{rel}","templated":true}]}}