{"id":184346,"date":"2025-12-11T16:53:08","date_gmt":"2025-12-11T16:53:08","guid":{"rendered":"https:\/\/www.europesays.com\/pt\/184346\/"},"modified":"2025-12-11T16:53:08","modified_gmt":"2025-12-11T16:53:08","slug":"ultimas-palavras-de-ozzy-osbourne-reveladas-apos-sua-morte","status":"publish","type":"post","link":"https:\/\/www.europesays.com\/pt\/184346\/","title":{"rendered":"\u00daltimas palavras de Ozzy Osbourne reveladas ap\u00f3s sua morte"},"content":{"rendered":"<p><strong><a href=\"https:\/\/www.otempo.com.br\/entretenimento\/sharon-osbourne-esposa-de-ozzy-recebe-r-630-mil-por-dia-em-big-brother-1.3343504\" target=\"_blank\" rel=\"noopener nofollow\">Sharon Osbourne<\/a><\/strong> revelou, em entrevista ao apresentador Piers Morgan, quais foram as \u00faltimas palavras ditas por <strong><a href=\"https:\/\/www.otempo.com.br\/entretenimento\/2025\/7\/22\/morre-ozzy-osbourne-lenda-do-heavy-metal-aos-76-anos\" target=\"_blank\" rel=\"noopener nofollow\">Ozzy Osbourne<\/a><\/strong> antes de morrer. No dia 22 de julho, o m\u00fasico sofreu uma parada card\u00edaca e n\u00e3o resistiu.<\/p>\n<p>Segundo Sharon, Ozzy acordou por volta das 4h e pediu a ela: &#8220;Me beije. Me abrace forte&#8221;, como uma cena de filme. Pouco depois, insistiu em fazer um r\u00e1pido treino na academia da casa da fam\u00edlia, em Buckinghamshire, na Inglaterra, mesmo debilitado por problemas de sa\u00fade.<\/p>\n<p>Sharon contou que correu at\u00e9 a academia ap\u00f3s ouvir barulhos e encontrou o cantor ca\u00eddo. Ele morreu cerca de 20 minutos depois.<\/p>\n<p>Ozzy Osbourne tinha 76 anos e sofria de doen\u00e7a arterial coronariana e Parkinson. De acordo com o New York Times, a certid\u00e3o de \u00f3bito, apresentada pela filha mais velha do casal, Aimee Osbourne, em um cart\u00f3rio de Londres, confirma que o artista sofreu uma parada card\u00edaca decorrente dessas condi\u00e7\u00f5es.<\/p>\n<p>A morte do vocalista do Black Sabbath foi anunciada pela fam\u00edlia nas redes sociais em 22 de julho. F\u00e3s e m\u00fasicos de todo o mundo prestaram homenagens ao \u00edcone do rock.<\/p>\n<p>\u00a0<\/p>\n<p>\u00a0<\/p>\n","protected":false},"excerpt":{"rendered":"Sharon Osbourne revelou, em entrevista ao apresentador Piers Morgan, quais foram as \u00faltimas palavras ditas por Ozzy Osbourne&hellip;\n","protected":false},"author":2,"featured_media":184347,"comment_status":"","ping_status":"","sticky":false,"template":"","format":"standard","meta":{"footnotes":""},"categories":[145],"tags":[211,210,114,115,1437,238,22380,32,33,17891],"class_list":{"0":"post-184346","1":"post","2":"type-post","3":"status-publish","4":"format-standard","5":"has-post-thumbnail","7":"category-celebridades","8":"tag-celebridades","9":"tag-celebrities","10":"tag-entertainment","11":"tag-entretenimento","12":"tag-morte","13":"tag-ozzy-osbourne","14":"tag-palavras","15":"tag-portugal","16":"tag-pt","17":"tag-sharon-osbourne"},"share_on_mastodon":{"url":"https:\/\/pubeurope.com\/@pt\/115701979773535972","error":""},"_links":{"self":[{"href":"https:\/\/www.europesays.com\/pt\/wp-json\/wp\/v2\/posts\/184346","targetHints":{"allow":["GET"]}}],"collection":[{"href":"https:\/\/www.europesays.com\/pt\/wp-json\/wp\/v2\/posts"}],"about":[{"href":"https:\/\/www.europesays.com\/pt\/wp-json\/wp\/v2\/types\/post"}],"author":[{"embeddable":true,"href":"https:\/\/www.europesays.com\/pt\/wp-json\/wp\/v2\/users\/2"}],"replies":[{"embeddable":true,"href":"https:\/\/www.europesays.com\/pt\/wp-json\/wp\/v2\/comments?post=184346"}],"version-history":[{"count":0,"href":"https:\/\/www.europesays.com\/pt\/wp-json\/wp\/v2\/posts\/184346\/revisions"}],"wp:featuredmedia":[{"embeddable":true,"href":"https:\/\/www.europesays.com\/pt\/wp-json\/wp\/v2\/media\/184347"}],"wp:attachment":[{"href":"https:\/\/www.europesays.com\/pt\/wp-json\/wp\/v2\/media?parent=184346"}],"wp:term":[{"taxonomy":"category","embeddable":true,"href":"https:\/\/www.europesays.com\/pt\/wp-json\/wp\/v2\/categories?post=184346"},{"taxonomy":"post_tag","embeddable":true,"href":"https:\/\/www.europesays.com\/pt\/wp-json\/wp\/v2\/tags?post=184346"}],"curies":[{"name":"wp","href":"https:\/\/api.w.org\/{rel}","templated":true}]}}