{"id":184354,"date":"2025-12-11T17:00:10","date_gmt":"2025-12-11T17:00:10","guid":{"rendered":"https:\/\/www.europesays.com\/pt\/184354\/"},"modified":"2025-12-11T17:00:10","modified_gmt":"2025-12-11T17:00:10","slug":"cursos-e-eventos-do-hospital-da-luz-learning-health-para-2026","status":"publish","type":"post","link":"https:\/\/www.europesays.com\/pt\/184354\/","title":{"rendered":"Cursos e Eventos do Hospital da Luz Learning Health para 2026"},"content":{"rendered":"<p>O Hospital da Luz Learning Health divulga sua programa\u00e7\u00e3o para 2026, com cursos e eventos que abrangem diversas especialidades m\u00e9dicas. As atividades, que come\u00e7am em janeiro e se estendem at\u00e9 junho, incluem temas como reabilita\u00e7\u00e3o do joelho, doen\u00e7as pulmonares, oncologia e cuidados paliativos, promovendo a forma\u00e7\u00e3o cont\u00ednua de profissionais de sa\u00fade<\/p>\n<p><img loading=\"lazy\" decoding=\"async\" class=\"alignnone size-full wp-image-311260\" src=\"https:\/\/www.europesays.com\/pt\/wp-content\/uploads\/2025\/11\/1764060922_681_transp.png\" alt=\"\" width=\"1\" height=\"1\"\/><\/p>\n<p>O Hospital da Luz Learning Health anunciou uma programa\u00e7\u00e3o diversificada de cursos e eventos para o ano de 2026, abrangendo diversas \u00e1reas da sa\u00fade. O calend\u00e1rio inicia-se em janeiro, com o curso \u201cJoelho: do bloco \u00e0 reabilita\u00e7\u00e3o\u201d, agendado para o dia 10, que visa proporcionar uma compreens\u00e3o aprofundada sobre o tratamento e reabilita\u00e7\u00e3o de les\u00f5es no joelho. No dia 29 de janeiro, o evento \u201cAR&amp;AR: detetAR e tratAR as doen\u00e7as do interst\u00edcio pulmonar\u201d promete abordar as complexidades do diagn\u00f3stico e tratamento de doen\u00e7as respirat\u00f3rias. No dia 30, \u201cLUngZ \u201926 \u2013 Ano em revis\u00e3o\u201d oferecer\u00e1 uma vis\u00e3o abrangente sobre os avan\u00e7os no campo da pneumologia, enquanto o dia 31 reserva espa\u00e7o para discutir a dispepsia com o tema \u201cDispepsia: sempre funcional?\u201d.<\/p>\n<p>Em fevereiro, o dia 5 ser\u00e1 marcado pelo \u201cSimPOCUS MGF\u201d, um curso que se destina a m\u00e9dicos de fam\u00edlia, promovendo o uso da ultrassonografia na pr\u00e1tica cl\u00ednica. No final do m\u00eas, a 28, realiza-se a 2\u00aa edi\u00e7\u00e3o do \u201cEncontro de Enfermagem em Oncologia\u201d, um espa\u00e7o para discutir as melhores pr\u00e1ticas na \u00e1rea da oncologia.<\/p>\n<p>Mar\u00e7o traz consigo um evento significativo no dia 5, com o \u201cCurso Te\u00f3rico-Pr\u00e1tico: Uso da ultrassonografia no dia-a-dia do Gastrenterologista\u201d, em sua 4\u00aa edi\u00e7\u00e3o. No dia seguinte, o \u201cCardiovolution 2026\u201d abordar\u00e1 as inova\u00e7\u00f5es na cardiologia, prometendo atrair profissionais interessados nas \u00faltimas tend\u00eancias.<\/p>\n<p>Abril come\u00e7a com o \u201cSimSchool PreMed\u201d, que chega \u00e0 sua 11\u00aa edi\u00e7\u00e3o a 6 de abril, focando na forma\u00e7\u00e3o de pr\u00e9-m\u00e9dicos. Em maio, o dia 9 ser\u00e1 dedicado ao \u201cO sistema tegumentar e a autoestima\u201d, um curso que explora a rela\u00e7\u00e3o entre a sa\u00fade da pele e a autoestima, na sua 3\u00aa edi\u00e7\u00e3o. O dia 22 trar\u00e1 o \u201cCongresso Nacional de Imunoalergologia do Hospital da Luz\u201d, na sua 6\u00aa edi\u00e7\u00e3o, e no dia 23, as \u201cJornadas de Enfermagem perioperat\u00f3ria em Ortopedia\u201d na sua 2\u00aa edi\u00e7\u00e3o, reunindo profissionais para discutir pr\u00e1ticas perioperat\u00f3rias.<\/p>\n<p>Por fim, em junho, o \u201cCurso Internacional Avan\u00e7ado de Cuidados Paliativos\u201d ser\u00e1 realizado no dia 25, marcando a 6\u00aa edi\u00e7\u00e3o deste evento, que tem como objetivo a forma\u00e7\u00e3o de profissionais em cuidados paliativos, uma \u00e1rea cada vez mais relevante na medicina atual.<\/p>\n<p>Para mais informa\u00e7\u00f5es sobre os cursos e eventos, acesse o site do Hospital da Luz Learning Health.<\/p>\n<p>PR\/HN<\/p>\n<p>Outros artigos com interesse:<\/p>\n","protected":false},"excerpt":{"rendered":"O Hospital da Luz Learning Health divulga sua programa\u00e7\u00e3o para 2026, com cursos e eventos que abrangem diversas&hellip;\n","protected":false},"author":2,"featured_media":184355,"comment_status":"","ping_status":"","sticky":false,"template":"","format":"standard","meta":{"footnotes":""},"categories":[86],"tags":[116,32,33,117],"class_list":{"0":"post-184354","1":"post","2":"type-post","3":"status-publish","4":"format-standard","5":"has-post-thumbnail","7":"category-saude","8":"tag-health","9":"tag-portugal","10":"tag-pt","11":"tag-saude"},"share_on_mastodon":{"url":"https:\/\/pubeurope.com\/@pt\/115702007639516555","error":""},"_links":{"self":[{"href":"https:\/\/www.europesays.com\/pt\/wp-json\/wp\/v2\/posts\/184354","targetHints":{"allow":["GET"]}}],"collection":[{"href":"https:\/\/www.europesays.com\/pt\/wp-json\/wp\/v2\/posts"}],"about":[{"href":"https:\/\/www.europesays.com\/pt\/wp-json\/wp\/v2\/types\/post"}],"author":[{"embeddable":true,"href":"https:\/\/www.europesays.com\/pt\/wp-json\/wp\/v2\/users\/2"}],"replies":[{"embeddable":true,"href":"https:\/\/www.europesays.com\/pt\/wp-json\/wp\/v2\/comments?post=184354"}],"version-history":[{"count":0,"href":"https:\/\/www.europesays.com\/pt\/wp-json\/wp\/v2\/posts\/184354\/revisions"}],"wp:featuredmedia":[{"embeddable":true,"href":"https:\/\/www.europesays.com\/pt\/wp-json\/wp\/v2\/media\/184355"}],"wp:attachment":[{"href":"https:\/\/www.europesays.com\/pt\/wp-json\/wp\/v2\/media?parent=184354"}],"wp:term":[{"taxonomy":"category","embeddable":true,"href":"https:\/\/www.europesays.com\/pt\/wp-json\/wp\/v2\/categories?post=184354"},{"taxonomy":"post_tag","embeddable":true,"href":"https:\/\/www.europesays.com\/pt\/wp-json\/wp\/v2\/tags?post=184354"}],"curies":[{"name":"wp","href":"https:\/\/api.w.org\/{rel}","templated":true}]}}