{"id":184360,"date":"2025-12-11T17:04:10","date_gmt":"2025-12-11T17:04:10","guid":{"rendered":"https:\/\/www.europesays.com\/pt\/184360\/"},"modified":"2025-12-11T17:04:10","modified_gmt":"2025-12-11T17:04:10","slug":"a-venezuela-foi-invadida-por-agentes-da-russia-irao-hezbollah-e-do-hamas","status":"publish","type":"post","link":"https:\/\/www.europesays.com\/pt\/184360\/","title":{"rendered":"A Venezuela foi invadida por agentes da R\u00fassia, Ir\u00e3o, Hezbollah e do Hamas"},"content":{"rendered":"<p>Mar\u00eda Corina Machado, l\u00edder da oposi\u00e7\u00e3o venezuelana, j\u00e1 se encontra em Oslo, na Noruega, onde j\u00e1 deu esta quinta-feira, 11 de dezembro, uma confer\u00eancia de imprensa, um dia depois de a sua filha Ana ter recebido o pr\u00e9mio Nobel da Paz. <\/p>\n<p><a aria-label=\"content\" target=\"_blank\" href=\"https:\/\/www.dn.pt\/internacional\/mara-corina-machado-fugiu-numa-lancha-mas-no-chegou-a-tempo-de-receber-o-nobel-da-paz-em-oslo\" rel=\"nofollow noopener\">Ap\u00f3s ter deixado a Venezuela numa lancha na ter\u00e7a-feira e ter apanhado um avi\u00e3o na ilha de Cura\u00e7ao para a Noruega<\/a>, Corina Machado explicou que esta viagem foi feita no maior secretismo porque <strong>o regime de Nicol\u00e1s Maduro fez &#8220;tudo o que era poss\u00edvel&#8221; para impedir a sua sa\u00edda do pa\u00eds<\/strong>. Est\u00e1 convicta de que as autoridades venezuelanas n\u00e3o sabiam onde estava escondida at\u00e9 agora e, por isso, deixou agradecimentos  &#8220;a todos os homens e mulheres que arriscaram sua vida&#8221; para que ela pudesse estar em Oslo. <strong>&#8220;Foi uma experi\u00eancia, mas valeu a pena para estar aqui e contar ao mundo o que est\u00e1 a acontecer na Venezuela&#8221;<\/strong>, disse.<\/p>\n<p>A opositora venezuelana, de 58 anos, lamentou n\u00e3o ter sido poss\u00edvel marcar presen\u00e7a na cerim\u00f3nia, devido \u00e0 opera\u00e7\u00e3o secreta que envolveu a sua viagem, mas assumiu que o Nobel que lhe foi entregue atrav\u00e9s da sua filha tem &#8220;um significado profundo&#8221;, porque &#8220;lembra ao mundo que a democracia \u00e9 essencial para a paz&#8221;. <\/p>\n<p>A Nobel da Paz mostrou em Oslo toda a sua for\u00e7a e determina\u00e7\u00e3o na luta contra o regime de Maduro. <strong>&#8220;Estou muito esperan\u00e7ada de que a Venezuela ser\u00e1 livre e consigamos transformar num farol da liberdade&#8221;<\/strong>, afirmou a Nobel da Paz, que deixou uma certeza no seu discurso: <strong>&#8220;Vamos restaurar a democracia. N\u00e3o vamos parar at\u00e9 que isso se torne realidade.&#8221;<\/strong><\/p>\n<p>A l\u00edder da oposi\u00e7\u00e3o tra\u00e7ou o objetivo de &#8220;tornar a Venezuela num centro democr\u00e1tico e econ\u00f3mico das Am\u00e9ricas&#8221;. &#8220;Anseio por esse dia e vamos receber todos num pa\u00eds brilhante, democr\u00e1tico e livre. Isso acontecer\u00e1 em breve&#8221;, prometeu.<\/p>\n<p>Mar\u00eda Corina Machado prometeu que ir\u00e1 levar o seu pr\u00e9mio Nobel da Paz para a Venezuela, para onde diz ir regressar nos pr\u00f3ximos dias, apesar da amea\u00e7a de pris\u00e3o que pende sobre si. &#8220;Este \u00e9 um momento de viragem na hist\u00f3ria do pa\u00eds. Os venezuelanos sentem que o mundo est\u00e1 com eles&#8221;, sublinhou.<\/p>\n","protected":false},"excerpt":{"rendered":"Mar\u00eda Corina Machado, l\u00edder da oposi\u00e7\u00e3o venezuelana, j\u00e1 se encontra em Oslo, na Noruega, onde j\u00e1 deu esta&hellip;\n","protected":false},"author":2,"featured_media":184361,"comment_status":"","ping_status":"","sticky":false,"template":"","format":"standard","meta":{"footnotes":""},"categories":[50],"tags":[27,28,15,16,14,25,26,21,22,29493,62,12,24802,965,13,19,20,21229,23,24,17,18,29,30,31,3023,63,64,65],"class_list":{"0":"post-184360","1":"post","2":"type-post","3":"status-publish","4":"format-standard","5":"has-post-thumbnail","7":"category-mundo","8":"tag-breaking-news","9":"tag-breakingnews","10":"tag-featured-news","11":"tag-featurednews","12":"tag-headlines","13":"tag-latest-news","14":"tag-latestnews","15":"tag-main-news","16":"tag-mainnews","17":"tag-maria-corina-machado","18":"tag-mundo","19":"tag-news","20":"tag-nobel-da-paz","21":"tag-noruega","22":"tag-noticias","23":"tag-noticias-principais","24":"tag-noticiasprincipais","25":"tag-oslo","26":"tag-principais-noticias","27":"tag-principaisnoticias","28":"tag-top-stories","29":"tag-topstories","30":"tag-ultimas","31":"tag-ultimas-noticias","32":"tag-ultimasnoticias","33":"tag-venezuela","34":"tag-world","35":"tag-world-news","36":"tag-worldnews"},"share_on_mastodon":{"url":"https:\/\/pubeurope.com\/@pt\/115702023259509284","error":""},"_links":{"self":[{"href":"https:\/\/www.europesays.com\/pt\/wp-json\/wp\/v2\/posts\/184360","targetHints":{"allow":["GET"]}}],"collection":[{"href":"https:\/\/www.europesays.com\/pt\/wp-json\/wp\/v2\/posts"}],"about":[{"href":"https:\/\/www.europesays.com\/pt\/wp-json\/wp\/v2\/types\/post"}],"author":[{"embeddable":true,"href":"https:\/\/www.europesays.com\/pt\/wp-json\/wp\/v2\/users\/2"}],"replies":[{"embeddable":true,"href":"https:\/\/www.europesays.com\/pt\/wp-json\/wp\/v2\/comments?post=184360"}],"version-history":[{"count":0,"href":"https:\/\/www.europesays.com\/pt\/wp-json\/wp\/v2\/posts\/184360\/revisions"}],"wp:featuredmedia":[{"embeddable":true,"href":"https:\/\/www.europesays.com\/pt\/wp-json\/wp\/v2\/media\/184361"}],"wp:attachment":[{"href":"https:\/\/www.europesays.com\/pt\/wp-json\/wp\/v2\/media?parent=184360"}],"wp:term":[{"taxonomy":"category","embeddable":true,"href":"https:\/\/www.europesays.com\/pt\/wp-json\/wp\/v2\/categories?post=184360"},{"taxonomy":"post_tag","embeddable":true,"href":"https:\/\/www.europesays.com\/pt\/wp-json\/wp\/v2\/tags?post=184360"}],"curies":[{"name":"wp","href":"https:\/\/api.w.org\/{rel}","templated":true}]}}