{"id":184382,"date":"2025-12-11T17:25:09","date_gmt":"2025-12-11T17:25:09","guid":{"rendered":"https:\/\/www.europesays.com\/pt\/184382\/"},"modified":"2025-12-11T17:25:09","modified_gmt":"2025-12-11T17:25:09","slug":"grunhidos-e-insultos-racistas-num-voo-com-pedro-pinto-e-outros-deputados-do-chega","status":"publish","type":"post","link":"https:\/\/www.europesays.com\/pt\/184382\/","title":{"rendered":"\u201cGrunhidos\u201d e \u201cinsultos racistas\u201d num voo com Pedro Pinto e outros deputados do Chega"},"content":{"rendered":"<p class=\"p1\">\u201cGrunhidos\u201d, \u201cinsultos racistas\u201d, \u201cprovoca\u00e7\u00f5es\u201d e \u201ccomportamentos intimidat\u00f3rios\u201d. O epis\u00f3dio \u2013 que envolveu uma comitiva do Chega \u2013 aconteceu na ter\u00e7a-feira durante um voo de Lisboa para Bruxelas e foi denunciado pelo diretor executivo da Black Europeans, Miguel Cardoso, nas redes sociais.<\/p>\n<p>O ativista, diretor executivo e coordenador nacional desta organiza\u00e7\u00e3o de combate ao racismo diz ter sido alvo de insultos racistas e amea\u00e7as por parte de uma comitiva do Chega, que inclu\u00eda deputados e assessores \u2013 o que j\u00e1 motivou uma queixa contra o l\u00edder parlamentar do partido, Pedro Pinto, em Bruxelas. Miguel Cardoso garante que ir\u00e1 avan\u00e7ar com uma nova queixa \u00e0s autoridades portuguesas contra o Chega por difama\u00e7\u00e3o e amea\u00e7as.<\/p>\n<p class=\"p1\"><strong>\u201c<\/strong><strong>Durante duas horas e meia, um grupo de deputados e assessores do Chega protagonizou de forma sistem\u00e1tica insultos racistas, grunhidos, provoca\u00e7\u00f5es constantes, palavras de baixo n\u00edvel e um comportamento intimidat\u00f3rio de matilha<\/strong><strong>\u201d<\/strong>, conta o ativista nas redes sociais.<\/p>\n<p>Segundo o relato, quando o avi\u00e3o aterrou na capital belga, a jornalista Paula Cardoso proclamou: \u201cRacismo nunca mais, 25 de Abril sempre!\u201d numa rea\u00e7\u00e3o \u00e0 situa\u00e7\u00e3o. Em resposta, o l\u00edder da bancada do Chega dirigiu-se ao ativista e fez-lhe amea\u00e7as diretas. O conflito levou o comandante do voo a fazer uma advert\u00eancia aos envolvidos e anunciar que tinha chamado a pol\u00edcia belga.<\/p>\n<p>O Chega divulgou um excerto do epis\u00f3dio que s\u00f3 mostra a resposta de Miguel Cardoso \u00e0 comitiva do partido: \u201cVoc\u00eas n\u00e3o respeitam nada. Eu gosto da democracia, voc\u00eas n\u00e3o gostam da democracia. Podes mandar parar o teu ex\u00e9rcito de racistas que eu n\u00e3o tenho medo.\u201d Na \u201cFolha Nacional\u201d, <a target=\"_blank\" rel=\"noopener noreferrer\">publica\u00e7\u00e3o<\/a> do Chega, e nas redes sociais, o partido conta o seu lado da hist\u00f3ria com o t\u00edtulo: \u201cDiretor da Black Europeans insulta deputados do Chega em voo para Bruxelas\u201d. Tal leva o ativista a prometer uma queixa contra o partido juntos das autoridades portuguesas por difama\u00e7\u00e3o e amea\u00e7as nas redes sociais.<\/p>\n<p class=\"p1\">\u201cComo tantas vezes acontece, filmaram apenas o que lhes convinha, apenas a parte que favorece a narrativa que querem construir\u201d, queixa-se Miguel Cardoso.<\/p>\n<p>Por fim, o ativista questiona at\u00e9 quando ser\u00e3o permitidos comportamentos inadequados por parte de deputados dentro e fora do Parlamento: <strong>\u201c<\/strong><strong>At\u00e9 quando vamos fingir que este tipo de comportamento intimidat\u00f3rio \u00e9 normal? Estamos a falar de representantes da Rep\u00fablica que, ano ap\u00f3s ano, t\u00eam estado envolvidos em controv\u00e9rsias p\u00fablicas, queixas, den\u00fancias e epis\u00f3dios amplamente noticiados. Quem lhes permite transformar o Parlamento \u2013 e agora at\u00e9 um avi\u00e3o \u2013 num palco intimidat\u00f3rio?<\/strong><strong>\u201d<\/strong>, indaga, classificando a atua\u00e7\u00e3o dos membros do Chega como pr\u00f3pria de um \u201cgangue\u201d.<\/p>\n<p>No Parlamento, os v\u00e1rios epis\u00f3dios que envolvem deputados do Chega levam os partidos a ponderar a <a target=\"_blank\" rel=\"noopener noreferrer\">revis\u00e3o<\/a> do C\u00f3digo de Conduta, ainda que estejam divididos quanto \u00e0 efic\u00e1cia de san\u00e7\u00f5es, como noticiou o Expresso. Com v\u00e1rios casos na Comiss\u00e3o de Transpar\u00eancia e Estatuto dos Deputados, o tema dever\u00e1 voltar a ser discutido em breve na Assembleia da Rep\u00fablica.<\/p>\n","protected":false},"excerpt":{"rendered":"\u201cGrunhidos\u201d, \u201cinsultos racistas\u201d, \u201cprovoca\u00e7\u00f5es\u201d e \u201ccomportamentos intimidat\u00f3rios\u201d. O epis\u00f3dio \u2013 que envolveu uma comitiva do Chega \u2013 aconteceu&hellip;\n","protected":false},"author":2,"featured_media":184383,"comment_status":"","ping_status":"","sticky":false,"template":"","format":"standard","meta":{"footnotes":""},"categories":[10],"tags":[27,28,15,16,14,25,26,21,22,12,13,19,20,32,23,24,33,17,18,29,30,31],"class_list":{"0":"post-184382","1":"post","2":"type-post","3":"status-publish","4":"format-standard","5":"has-post-thumbnail","7":"category-portugal","8":"tag-breaking-news","9":"tag-breakingnews","10":"tag-featured-news","11":"tag-featurednews","12":"tag-headlines","13":"tag-latest-news","14":"tag-latestnews","15":"tag-main-news","16":"tag-mainnews","17":"tag-news","18":"tag-noticias","19":"tag-noticias-principais","20":"tag-noticiasprincipais","21":"tag-portugal","22":"tag-principais-noticias","23":"tag-principaisnoticias","24":"tag-pt","25":"tag-top-stories","26":"tag-topstories","27":"tag-ultimas","28":"tag-ultimas-noticias","29":"tag-ultimasnoticias"},"share_on_mastodon":{"url":"https:\/\/pubeurope.com\/@pt\/115702105614375089","error":""},"_links":{"self":[{"href":"https:\/\/www.europesays.com\/pt\/wp-json\/wp\/v2\/posts\/184382","targetHints":{"allow":["GET"]}}],"collection":[{"href":"https:\/\/www.europesays.com\/pt\/wp-json\/wp\/v2\/posts"}],"about":[{"href":"https:\/\/www.europesays.com\/pt\/wp-json\/wp\/v2\/types\/post"}],"author":[{"embeddable":true,"href":"https:\/\/www.europesays.com\/pt\/wp-json\/wp\/v2\/users\/2"}],"replies":[{"embeddable":true,"href":"https:\/\/www.europesays.com\/pt\/wp-json\/wp\/v2\/comments?post=184382"}],"version-history":[{"count":0,"href":"https:\/\/www.europesays.com\/pt\/wp-json\/wp\/v2\/posts\/184382\/revisions"}],"wp:featuredmedia":[{"embeddable":true,"href":"https:\/\/www.europesays.com\/pt\/wp-json\/wp\/v2\/media\/184383"}],"wp:attachment":[{"href":"https:\/\/www.europesays.com\/pt\/wp-json\/wp\/v2\/media?parent=184382"}],"wp:term":[{"taxonomy":"category","embeddable":true,"href":"https:\/\/www.europesays.com\/pt\/wp-json\/wp\/v2\/categories?post=184382"},{"taxonomy":"post_tag","embeddable":true,"href":"https:\/\/www.europesays.com\/pt\/wp-json\/wp\/v2\/tags?post=184382"}],"curies":[{"name":"wp","href":"https:\/\/api.w.org\/{rel}","templated":true}]}}