{"id":184384,"date":"2025-12-11T17:27:31","date_gmt":"2025-12-11T17:27:31","guid":{"rendered":"https:\/\/www.europesays.com\/pt\/184384\/"},"modified":"2025-12-11T17:27:31","modified_gmt":"2025-12-11T17:27:31","slug":"carlos-areia-hospitalizado-rosa-bela-revela-o-que-passou-com-o-marido-dor-extrema","status":"publish","type":"post","link":"https:\/\/www.europesays.com\/pt\/184384\/","title":{"rendered":"Carlos Areia &#8211; Hospitalizado! Rosa Bela revela o que passou com o marido: &#8220;Dor extrema&#8230;&#8221;"},"content":{"rendered":"<p><strong>Rosa Bela<\/strong> revelou no Instagram que o marido, <strong>Carlos Areia<\/strong>, foi hospitalizado, na ter\u00e7a-feira, 9 de dezembro, ap\u00f3s ter sofrido uma fratura no tornozelo. Segundo o Correio da Manh\u00e3, o ator\u00a0teve de ser substitu\u00eddo na pe\u00e7a &#8220;Um Quinteto de Morte&#8221; por Jo\u00e3o Maria Pinto.<\/p>\n<p>Nas stories, a atriz expressou a sua frustra\u00e7\u00e3o com as falhas nos hospitais. &#8220;\u00c9 imposs\u00edvel ficar indiferente ao que est\u00e1 a acontecer no nosso Servi\u00e7o Nacional de Sa\u00fade.<strong> Falamos muitas vezes da crise do SNS como quem comenta not\u00edcias ao longe. At\u00e9 ao dia em que nos toca.<\/strong> E quando toca, percebemos o tamanho do abismo.\u00a0Como \u00e9 que se permite que a base da dignidade humana, o direito \u00e0 sa\u00fade, esteja a desmoronar \u00e0 nossa frente? E, ainda assim, ouvimos a Ministra dizer que \u2018est\u00e1 tudo bem\u2019. Como assim? Onde? Para quem?&#8221;, escreveu.<\/p>\n<blockquote>\n<p>Leia mais: Rosa Bela e Carlos Areia &#8211; <a href=\"https:\/\/www.novagente.pt\/rosa-bela-um-percalco-quase-pos-fim-ao-casamento-com-carlos-areia-ultima-hora\" rel=\"nofollow noopener\" target=\"_blank\">Um percal\u00e7o quase p\u00f4s fim ao casamento: &#8220;\u00daltima hora&#8230;&#8221;<\/a><\/p>\n<\/blockquote>\n<p>&#8220;Pessoas que sofrem um AVC&#8230;&#8221;<\/p>\n<p>Rosa Bela contou ainda que Carlos Areia n\u00e3o teve direito a uma ambul\u00e2ncia. &#8220;<strong>Transportei o meu marido no nosso pr\u00f3prio carro, porque n\u00e3o havia ambul\u00e2ncias dispon\u00edveis. Ele estava com o tornozelo partido, em dor extrema, e mesmo assim tivemos de nos desenrascar sozinhos. <\/strong>E penso em quem n\u00e3o consegue.&#8221;<\/p>\n<p>A atriz n\u00e3o concorda com a falta de recursos para os utentes. &#8220;Pessoas que sofrem um AVC, um enfarte, idosos, crian\u00e7as, vidas que dependem de minutos. E\u00a0a verdade dura \u00e9 esta: ou a ambul\u00e2ncia n\u00e3o chega a tempo ou simplesmente n\u00e3o vem, porque n\u00e3o est\u00e1 dispon\u00edvel.\u00a0E continuo a achar que o nosso sistema de sa\u00fade \u00e9 incr\u00edvel, feito de profissionais extraordin\u00e1rios que fazem muito com t\u00e3o pouco. <strong>Mas est\u00e1 com falhas graves. Est\u00e1 a desmoronar. E n\u00f3s estamos a v\u00ea-lo acontecer em sil\u00eancio, enquanto vidas ficam em risco. Isto \u00e9 inadmiss\u00edvel.<\/strong> Estamos a falar de pessoas, de fam\u00edlias, de hist\u00f3rias que podem mudar para sempre por falta de meios b\u00e1sicos. N\u00f3s merecemos melhor.&#8221;<\/p>\n<p>Texto: Lu\u00eds Sigorro; Fotos: Impala\/Redes sociais<\/p>\n<p class=\"intagram-text\">Siga a Nova Gente no Instagram<\/p>\n<p>                        <a href=\"https:\/\/www.instagram.com\/revistanovagente\/\" target=\"_blank\" aria-label=\"instagram\" rel=\"noopener nofollow\"><img decoding=\"async\" style=\"display: block; margin-left: auto; margin-right: auto; width: 250px; height: 83px;\" src=\"https:\/\/www.europesays.com\/pt\/wp-content\/uploads\/2025\/11\/Instagram_NG.png\" alt=\"instagram\"\/><\/a><br \/>\n                    <script async src=\"\/\/www.instagram.com\/embed.js\"><\/script><\/p>\n","protected":false},"excerpt":{"rendered":"Rosa Bela revelou no Instagram que o marido, Carlos Areia, foi hospitalizado, na ter\u00e7a-feira, 9 de dezembro, ap\u00f3s&hellip;\n","protected":false},"author":2,"featured_media":184385,"comment_status":"","ping_status":"","sticky":false,"template":"","format":"standard","meta":{"footnotes":""},"categories":[145],"tags":[2657,211,210,114,115,32,33,2656,2649],"class_list":{"0":"post-184384","1":"post","2":"type-post","3":"status-publish","4":"format-standard","5":"has-post-thumbnail","7":"category-celebridades","8":"tag-carlos-areia","9":"tag-celebridades","10":"tag-celebrities","11":"tag-entertainment","12":"tag-entretenimento","13":"tag-portugal","14":"tag-pt","15":"tag-rosa-bela","16":"tag-sns"},"share_on_mastodon":{"url":"https:\/\/pubeurope.com\/@pt\/115702113755908698","error":""},"_links":{"self":[{"href":"https:\/\/www.europesays.com\/pt\/wp-json\/wp\/v2\/posts\/184384","targetHints":{"allow":["GET"]}}],"collection":[{"href":"https:\/\/www.europesays.com\/pt\/wp-json\/wp\/v2\/posts"}],"about":[{"href":"https:\/\/www.europesays.com\/pt\/wp-json\/wp\/v2\/types\/post"}],"author":[{"embeddable":true,"href":"https:\/\/www.europesays.com\/pt\/wp-json\/wp\/v2\/users\/2"}],"replies":[{"embeddable":true,"href":"https:\/\/www.europesays.com\/pt\/wp-json\/wp\/v2\/comments?post=184384"}],"version-history":[{"count":0,"href":"https:\/\/www.europesays.com\/pt\/wp-json\/wp\/v2\/posts\/184384\/revisions"}],"wp:featuredmedia":[{"embeddable":true,"href":"https:\/\/www.europesays.com\/pt\/wp-json\/wp\/v2\/media\/184385"}],"wp:attachment":[{"href":"https:\/\/www.europesays.com\/pt\/wp-json\/wp\/v2\/media?parent=184384"}],"wp:term":[{"taxonomy":"category","embeddable":true,"href":"https:\/\/www.europesays.com\/pt\/wp-json\/wp\/v2\/categories?post=184384"},{"taxonomy":"post_tag","embeddable":true,"href":"https:\/\/www.europesays.com\/pt\/wp-json\/wp\/v2\/tags?post=184384"}],"curies":[{"name":"wp","href":"https:\/\/api.w.org\/{rel}","templated":true}]}}