{"id":184392,"date":"2025-12-11T17:33:09","date_gmt":"2025-12-11T17:33:09","guid":{"rendered":"https:\/\/www.europesays.com\/pt\/184392\/"},"modified":"2025-12-11T17:33:09","modified_gmt":"2025-12-11T17:33:09","slug":"oficial-luis-castro-ja-nao-e-treinador-do-nantes","status":"publish","type":"post","link":"https:\/\/www.europesays.com\/pt\/184392\/","title":{"rendered":"OFICIAL: Lu\u00eds Castro j\u00e1 n\u00e3o \u00e9 treinador do Nantes"},"content":{"rendered":"<p>O Nantes oficializou esta quinta-feira o despedimento do portugu\u00eas Lu\u00eds Castro do cargo de treinador da equipa principal.<\/p>\n<p>O t\u00e9cnico de 45 anos fez apenas 15 jogos ao servi\u00e7o do clube gaul\u00eas depois de ter sido contratado em junho deste ano, ap\u00f3s uma excelente temporada no Dunquerque.<\/p>\n<p>Lu\u00eds Castro venceu dois jogos esta temporada e deixa o Nantes na 17.\u00aa e pen\u00faltima posi\u00e7\u00e3o da Liga francesa, em zona de despromo\u00e7\u00e3o direta.<\/p>\n<p>Em comunicado, o Nantes j\u00e1 referiu que Ahmed Kantari, antigo treinador-adjunto do clube vai assumir as r\u00e9deas da equipa at\u00e9 ao final da presente \u00e9poca.<\/p>\n<p><strong>Leia aqui o comunicado na \u00edntegra do Nantes:<\/strong><\/p>\n<p>\u00abO FC Nantes anunciou o fim da miss\u00e3o de Luis Castro \u00e0 frente da equipa profissional. Ele ser\u00e1 substitu\u00eddo por Ahmed Kantari at\u00e9 ao final da temporada.<\/p>\n<p data-end=\"326\" data-start=\"152\">O FC Nantes agradece a Luis Castro e \u00e0 sua equipa t\u00e9cnica pelo profissionalismo e pela dedica\u00e7\u00e3o no seu dia a dia. O Clube deseja a todos uma boa continua\u00e7\u00e3o no seu percurso.<\/p>\n<p data-end=\"659\" data-start=\"328\">Luis Castro ser\u00e1 substitu\u00eddo por Ahmed Kantari.<\/p>\n<p>Adjunto de Antoine Kombouar\u00e9 de janeiro a maio de 2025 no FC Nantes, Ahmed Kantari conhece bem a institui\u00e7\u00e3o e uma parte do grupo profissional. Uma vantagem para encontrar rapidamente as chaves para a recupera\u00e7\u00e3o do FC Nantes, j\u00e1 a partir de sexta-feira, com a desloca\u00e7\u00e3o a Angers.<\/p>\n<p>Ahmed Kantari ser\u00e1 apoiado por dois adjuntos &#8211; Eric Blahic e St\u00e9phane Mangione -, um preparador f\u00edsico &#8211; Gilles Marambaud &#8211; e Faouzi Amzal, que permanece no cargo de treinador de guarda-redes.<\/p>\n<p data-end=\"907\" data-is-last-node=\"\" data-is-only-node=\"\" data-start=\"855\">O FC Nantes d\u00e1 as boas-vindas \u00e0 nova equipa t\u00e9cnica.\u00bb<\/p>\n<blockquote class=\"twitter-tweet\">\n<p lang=\"fr\">Le Club tient \u00e0 remercier Luis Castro ainsi que l\u2019ensemble de son staff pour leur professionnalisme et leur implication au quotidien, et leur souhaite \u00e0 tous une bonne continuation pour la suite de leur parcours. <a href=\"https:\/\/t.co\/u9rpf01Lme\" rel=\"nofollow\">pic.twitter.com\/u9rpf01Lme<\/a><\/p>\n<p> \u2014 FC Nantes (@FCNantes)<br \/>\n  <a href=\"https:\/\/twitter.com\/FCNantes\/status\/1999068685076709684?ref_src=twsrc%5Etfw\" rel=\"nofollow noopener\" target=\"_blank\">December 11, 2025<\/a>\n <\/p><\/blockquote>\n<p>                                <script async src=\"https:\/\/platform.twitter.com\/widgets.js\" charset=\"utf-8\"><\/script><\/p>\n","protected":false},"excerpt":{"rendered":"O Nantes oficializou esta quinta-feira o despedimento do portugu\u00eas Lu\u00eds Castro do cargo de treinador da equipa principal.&hellip;\n","protected":false},"author":2,"featured_media":184393,"comment_status":"","ping_status":"","sticky":false,"template":"","format":"standard","meta":{"footnotes":""},"categories":[87],"tags":[135,208,82,31527,436,46,30056,32,33,47,134],"class_list":{"0":"post-184392","1":"post","2":"type-post","3":"status-publish","4":"format-standard","5":"has-post-thumbnail","7":"category-desporto","8":"tag-desporto","9":"tag-franca","10":"tag-internacional","11":"tag-luis-castro","12":"tag-made-in","13":"tag-maisfutebol","14":"tag-nantes","15":"tag-portugal","16":"tag-pt","17":"tag-pura-paixao","18":"tag-sports"},"share_on_mastodon":{"url":"https:\/\/pubeurope.com\/@pt\/115702137110262517","error":""},"_links":{"self":[{"href":"https:\/\/www.europesays.com\/pt\/wp-json\/wp\/v2\/posts\/184392","targetHints":{"allow":["GET"]}}],"collection":[{"href":"https:\/\/www.europesays.com\/pt\/wp-json\/wp\/v2\/posts"}],"about":[{"href":"https:\/\/www.europesays.com\/pt\/wp-json\/wp\/v2\/types\/post"}],"author":[{"embeddable":true,"href":"https:\/\/www.europesays.com\/pt\/wp-json\/wp\/v2\/users\/2"}],"replies":[{"embeddable":true,"href":"https:\/\/www.europesays.com\/pt\/wp-json\/wp\/v2\/comments?post=184392"}],"version-history":[{"count":0,"href":"https:\/\/www.europesays.com\/pt\/wp-json\/wp\/v2\/posts\/184392\/revisions"}],"wp:featuredmedia":[{"embeddable":true,"href":"https:\/\/www.europesays.com\/pt\/wp-json\/wp\/v2\/media\/184393"}],"wp:attachment":[{"href":"https:\/\/www.europesays.com\/pt\/wp-json\/wp\/v2\/media?parent=184392"}],"wp:term":[{"taxonomy":"category","embeddable":true,"href":"https:\/\/www.europesays.com\/pt\/wp-json\/wp\/v2\/categories?post=184392"},{"taxonomy":"post_tag","embeddable":true,"href":"https:\/\/www.europesays.com\/pt\/wp-json\/wp\/v2\/tags?post=184392"}],"curies":[{"name":"wp","href":"https:\/\/api.w.org\/{rel}","templated":true}]}}