{"id":184398,"date":"2025-12-11T17:36:13","date_gmt":"2025-12-11T17:36:13","guid":{"rendered":"https:\/\/www.europesays.com\/pt\/184398\/"},"modified":"2025-12-11T17:36:13","modified_gmt":"2025-12-11T17:36:13","slug":"especialistas-registram-disco-em-estrela-de-outra-galaxia","status":"publish","type":"post","link":"https:\/\/www.europesays.com\/pt\/184398\/","title":{"rendered":"Especialistas registram disco em estrela de outra gal\u00e1xia"},"content":{"rendered":"<p data-start=\"532\" data-end=\"1046\">Uma equipe de astr\u00f4nomos conseguiu observar pela primeira vez um disco de poeira e g\u00e1s orbitando uma <a href=\"https:\/\/aventurasnahistoria.com.br\/noticias\/historia-hoje\/morte-de-estrela-em-explosao-nuclear-podera-ser-vista-da-terra.phtml\" rel=\"nofollow noopener\" target=\"_blank\">estrela<\/a> em outra gal\u00e1xia, um feito que amplia a capacidade de estudar como estrelas e sistemas planet\u00e1rios se formam fora da nossa pr\u00f3pria <a href=\"https:\/\/aventurasnahistoria.com.br\/noticias\/historia-hoje\/pesquisadores-criam-simulacao-da-via-lactea-mais-precisa-ja-vista.phtml\" rel=\"nofollow noopener\" target=\"_blank\">Via L\u00e1ctea<\/a>. A descoberta foi feita olhando para um sistema jovem situado na <strong>Grande Nuvem de Magalh\u00e3es<\/strong>, uma gal\u00e1xia sat\u00e9lite pr\u00f3xima, localizada a cerca de 160 mil anos-luz da Terra, no qual um objeto estelar massivo est\u00e1 claramente coletando mat\u00e9ria de um anel ao seu redor.<\/p>\n<p data-start=\"1048\" data-end=\"1905\">Os discos circunestelares s\u00e3o estruturas fundamentais no processo de forma\u00e7\u00e3o estelar e planet\u00e1ria. Eles consistem de g\u00e1s e poeira que giram em torno de estrelas rec\u00e9m-nascidas, e a maneira como se organizam e evoluem quando a estrela cresce pode influenciar a forma\u00e7\u00e3o de planetas ao longo de milh\u00f5es de anos. At\u00e9 agora, tais discos s\u00f3 haviam sido diretamente observados na Via L\u00e1ctea, onde os telesc\u00f3pios conseguem discernir detalhes de estrelas em forma\u00e7\u00e3o relativamente pr\u00f3ximas.<\/p>\n<p> Disco de outra gal\u00e1xia <\/p>\n<p data-start=\"1048\" data-end=\"1905\">A detec\u00e7\u00e3o do disco <a href=\"https:\/\/aventurasnahistoria.com.br\/noticias\/historia-hoje\/james-webb-identifica-galaxia-em-espiral-que-questiona-modelos-atuais-de-cosmologia.phtml\" rel=\"nofollow noopener\" target=\"_blank\">fora da nossa gal\u00e1xia<\/a> \u2014 na Grande Nuvem de Magalh\u00e3es \u2014 representa um salto tecnol\u00f3gico e cient\u00edfico significativo, pois indica que instrumentos de \u00faltima gera\u00e7\u00e3o, como o conjunto que inclui o Very Large Telescope e o <a href=\"https:\/\/aventurasnahistoria.com.br\/noticias\/historia-hoje\/telescopio-no-atacama-encerra-missao-inovadora-apos-20-anos.phtml\" rel=\"nofollow noopener\" target=\"_blank\">radiotelesc\u00f3pio ALMA no Chile<\/a>, s\u00e3o capazes de capturar evid\u00eancias da estrutura de regi\u00f5es de forma\u00e7\u00e3o estelar a dist\u00e2ncias muito maiores.<\/p>\n<p data-start=\"1907\" data-end=\"2510\">Segundo os pesquisadores, as observa\u00e7\u00f5es permitiram confirmar que o material gasoso e os gr\u00e3os de poeira est\u00e3o de fato girando em torno de uma estrela jovem e brilhante na gal\u00e1xia vizinha. A presen\u00e7a de jatos poderosos de mat\u00e9ria saindo da estrela tamb\u00e9m sugere intensa atividade no n\u00facleo desse jovem sistema estelar, cen\u00e1rio t\u00edpico de fases iniciais de evolu\u00e7\u00e3o estelar. Essa configura\u00e7\u00e3o \u00e9 semelhante aos discos protoplanet\u00e1rios observados em sistemas dentro da Via L\u00e1ctea, e a analogia fortalece a ideia de que processos de forma\u00e7\u00e3o estelar s\u00e3o universais \u2014 mesmo em ambientes gal\u00e1cticos diferentes.<\/p>\n<p data-start=\"2512\" data-end=\"3014\">Os astr\u00f4nomos envolvidos no trabalho afirmam que esse tipo de observa\u00e7\u00e3o pode permitir uma compreens\u00e3o mais profunda dos mecanismos f\u00edsicos que regem a forma\u00e7\u00e3o de estrelas e poss\u00edveis sistemas planet\u00e1rios em diferentes ambientes c\u00f3smicos.<\/p>\n","protected":false},"excerpt":{"rendered":"Uma equipe de astr\u00f4nomos conseguiu observar pela primeira vez um disco de poeira e g\u00e1s orbitando uma estrela&hellip;\n","protected":false},"author":2,"featured_media":184399,"comment_status":"","ping_status":"","sticky":false,"template":"","format":"standard","meta":{"footnotes":""},"categories":[84],"tags":[443,109,107,108,7875,1008,4362,10542,11734,13,32,33,105,103,104,106,110],"class_list":{"0":"post-184398","1":"post","2":"type-post","3":"status-publish","4":"format-standard","5":"has-post-thumbnail","7":"category-ciencia-e-tecnologia","8":"tag-astronomia","9":"tag-ciencia","10":"tag-ciencia-e-tecnologia","11":"tag-cienciaetecnologia","12":"tag-disco","13":"tag-espaco","14":"tag-estrela","15":"tag-galaxia","16":"tag-magalhaes","17":"tag-noticias","18":"tag-portugal","19":"tag-pt","20":"tag-science","21":"tag-science-and-technology","22":"tag-scienceandtechnology","23":"tag-technology","24":"tag-tecnologia"},"share_on_mastodon":{"url":"https:\/\/pubeurope.com\/@pt\/115702148821677049","error":""},"_links":{"self":[{"href":"https:\/\/www.europesays.com\/pt\/wp-json\/wp\/v2\/posts\/184398","targetHints":{"allow":["GET"]}}],"collection":[{"href":"https:\/\/www.europesays.com\/pt\/wp-json\/wp\/v2\/posts"}],"about":[{"href":"https:\/\/www.europesays.com\/pt\/wp-json\/wp\/v2\/types\/post"}],"author":[{"embeddable":true,"href":"https:\/\/www.europesays.com\/pt\/wp-json\/wp\/v2\/users\/2"}],"replies":[{"embeddable":true,"href":"https:\/\/www.europesays.com\/pt\/wp-json\/wp\/v2\/comments?post=184398"}],"version-history":[{"count":0,"href":"https:\/\/www.europesays.com\/pt\/wp-json\/wp\/v2\/posts\/184398\/revisions"}],"wp:featuredmedia":[{"embeddable":true,"href":"https:\/\/www.europesays.com\/pt\/wp-json\/wp\/v2\/media\/184399"}],"wp:attachment":[{"href":"https:\/\/www.europesays.com\/pt\/wp-json\/wp\/v2\/media?parent=184398"}],"wp:term":[{"taxonomy":"category","embeddable":true,"href":"https:\/\/www.europesays.com\/pt\/wp-json\/wp\/v2\/categories?post=184398"},{"taxonomy":"post_tag","embeddable":true,"href":"https:\/\/www.europesays.com\/pt\/wp-json\/wp\/v2\/tags?post=184398"}],"curies":[{"name":"wp","href":"https:\/\/api.w.org\/{rel}","templated":true}]}}