{"id":184402,"date":"2025-12-11T17:39:51","date_gmt":"2025-12-11T17:39:51","guid":{"rendered":"https:\/\/www.europesays.com\/pt\/184402\/"},"modified":"2025-12-11T17:39:51","modified_gmt":"2025-12-11T17:39:51","slug":"varias-freguesias-voltam-a-ficar-sem-eletricidade-no-domingo","status":"publish","type":"post","link":"https:\/\/www.europesays.com\/pt\/184402\/","title":{"rendered":"V\u00e1rias freguesias voltam a ficar sem eletricidade no domingo"},"content":{"rendered":"<p>Mais uma vez, a E-Redes informou que efetuar\u00e1 cortes de energia, este domingo, dia 14 de dezembro, devido a trabalhos de manuten\u00e7\u00e3o.<\/p>\n<p><a target=\"_blank\" href=\"https:\/\/pplware.sapo.pt\/wp-content\/uploads\/2025\/05\/luz_00.jpg\" onclick=\"refreshIframe()\" class=\"foobox\" rel=\"nofollow noopener\"><img fetchpriority=\"high\" decoding=\"async\" src=\"https:\/\/www.europesays.com\/pt\/wp-content\/uploads\/2025\/11\/luz_00-720x405.jpg\" alt=\"\" width=\"720\" height=\"405\" class=\"aligncenter size-medium wp-image-1059923\"  \/><\/a>\n<\/p>\n<p>Como tem vindo a acontecer nas \u00faltimas semanas, a este domingo ser\u00e1 de cortes de energia, com v\u00e1rias localidades a ficarem temporariamente sem eletricidade devido a trabalhos de manuten\u00e7\u00e3o programados.<\/p>\n<p>Conforme a informa\u00e7\u00e3o <a target=\"_blank\" href=\"https:\/\/www.e-redes.pt\/pt-pt\/o-que-fazemos\/qualidade-de-servico\/consulte-interrupcoes-agendadas\" rel=\"nofollow noopener\">disponibilizada pela E-Redes<\/a>, a interrup\u00e7\u00e3o ir\u00e1 afetar tr\u00eas munic\u00edpios.<\/p>\n<p>Freguesias afetadas pelo corte da eletricidade<br \/>\nFaro<\/p>\n<ul>\n<li><strong>Freguesia Albufeira E Olhos De \u00c1gua &#8211; das 08:00 \u00e0s 11:00 <\/strong>&#8211; Cais Do Novo Mundo, Rua Da Vela Latina, S\u00edtio V\u00e1rzeas Da Orada, S\u00edtio Orada, Urbaniza\u00e7\u00e3o Quinta Da Orada, Urbaniza\u00e7\u00e3o Vale Orada<\/li>\n<li><strong>Freguesia de Montenegro &#8211; das 08:00 \u00e0s 11:00 <\/strong>&#8211; <strong><\/strong>Rua Agostinho Da Silva<\/li>\n<\/ul>\n<p>Lisboa<\/p>\n<ul>\n<li><strong>Freguesia de Avenidas Novas &#8211; das 05:00 \u00e0s 11:00 <\/strong>&#8211; Avenida Jo\u00e3o Cris\u00f3stomo, Avenida Marqu\u00eas De Tomar, Avenida Miguel Bombarda, Avenida Visconde De Valmor<\/li>\n<li><strong>Freguesia de Carnide &#8211; das 05:00 \u00e0s 11:00 <\/strong>&#8211; Rua Rio Lena, Rua Rio Sado, Rua Rio Tejo<\/li>\n<li><strong>Freguesia da Miseric\u00f3rdia &#8211; das 05:00 \u00e0s 11:00 <\/strong>&#8211; Rua Das Flores, Rua Do Alecrim<\/li>\n<\/ul>\n<p>Sintra<\/p>\n<ul>\n<li><strong>Freguesia da Uni\u00e3o Das Freguesias De Almargem Do Bispo, P\u00earo Pinheiro E Montelavar &#8211; das 06:00 \u00e0s 11:00 <\/strong>&#8211; Avenida Da Liberdade &#8211; Pero Pinheiro, Avenida De Lapi\u00e1s &#8211; Pero Pinheiro, Estrada Da Serra, Estrada Maceira, Estrada Serra Maceira Jt Fab, Rua 5 De Outubro, Rua Do Alto Do Pina, Rua Do Casal Dos Ossos, Rua Do Moinho, Rua Rosa Diamantino Gon\u00e7alves Caro\u00e7o, Rua Valentim In\u00e1cio P\u00e9leve, Travessa Peleve<\/li>\n<\/ul>\n<p><a target=\"_blank\" href=\"https:\/\/pplware.sapo.pt\/wp-content\/uploads\/2025\/11\/rede_eletrica_eletricidade_energia00.jpg\" onclick=\"refreshIframe()\" class=\"foobox\" rel=\"nofollow noopener\"><img loading=\"lazy\" decoding=\"async\" src=\"https:\/\/www.europesays.com\/pt\/wp-content\/uploads\/2025\/11\/rede_eletrica_eletricidade_energia00-720x405.jpg\" alt=\"\" width=\"720\" height=\"405\" class=\"aligncenter size-medium wp-image-1090974\"  \/><\/a><\/p>\n<p>Qual o motivo das interrup\u00e7\u00f5es?<\/p>\n<p>Esclarecendo que as interrup\u00e7\u00f5es no fornecimento de energia s\u00e3o circunscritas e pontuais, a E-Redes explica que estas servem para efetuar manobras, liga\u00e7\u00f5es, repara\u00e7\u00f5es ou trabalhos de conserva\u00e7\u00e3o das infraestruturas, sempre de forma planeada e controlada.<\/p>\n<p>As interrup\u00e7\u00f5es tempor\u00e1rias e de curta dura\u00e7\u00e3o ocorrem quando todas as alternativas de alimenta\u00e7\u00e3o dispon\u00edveis est\u00e3o esgotadas, por forma a garantir que o impacto para os clientes \u00e9 o mais reduzido poss\u00edvel.<\/p>\n","protected":false},"excerpt":{"rendered":"Mais uma vez, a E-Redes informou que efetuar\u00e1 cortes de energia, este domingo, dia 14 de dezembro, devido&hellip;\n","protected":false},"author":2,"featured_media":184403,"comment_status":"","ping_status":"","sticky":false,"template":"","format":"standard","meta":{"footnotes":""},"categories":[10],"tags":[27,28,31211,3118,15,16,14,25,26,21,22,12,13,19,20,32,23,24,33,17,18,29,30,31],"class_list":{"0":"post-184402","1":"post","2":"type-post","3":"status-publish","4":"format-standard","5":"has-post-thumbnail","7":"category-portugal","8":"tag-breaking-news","9":"tag-breakingnews","10":"tag-e-redes","11":"tag-eletricidade","12":"tag-featured-news","13":"tag-featurednews","14":"tag-headlines","15":"tag-latest-news","16":"tag-latestnews","17":"tag-main-news","18":"tag-mainnews","19":"tag-news","20":"tag-noticias","21":"tag-noticias-principais","22":"tag-noticiasprincipais","23":"tag-portugal","24":"tag-principais-noticias","25":"tag-principaisnoticias","26":"tag-pt","27":"tag-top-stories","28":"tag-topstories","29":"tag-ultimas","30":"tag-ultimas-noticias","31":"tag-ultimasnoticias"},"share_on_mastodon":{"url":"https:\/\/pubeurope.com\/@pt\/115702164990046080","error":""},"_links":{"self":[{"href":"https:\/\/www.europesays.com\/pt\/wp-json\/wp\/v2\/posts\/184402","targetHints":{"allow":["GET"]}}],"collection":[{"href":"https:\/\/www.europesays.com\/pt\/wp-json\/wp\/v2\/posts"}],"about":[{"href":"https:\/\/www.europesays.com\/pt\/wp-json\/wp\/v2\/types\/post"}],"author":[{"embeddable":true,"href":"https:\/\/www.europesays.com\/pt\/wp-json\/wp\/v2\/users\/2"}],"replies":[{"embeddable":true,"href":"https:\/\/www.europesays.com\/pt\/wp-json\/wp\/v2\/comments?post=184402"}],"version-history":[{"count":0,"href":"https:\/\/www.europesays.com\/pt\/wp-json\/wp\/v2\/posts\/184402\/revisions"}],"wp:featuredmedia":[{"embeddable":true,"href":"https:\/\/www.europesays.com\/pt\/wp-json\/wp\/v2\/media\/184403"}],"wp:attachment":[{"href":"https:\/\/www.europesays.com\/pt\/wp-json\/wp\/v2\/media?parent=184402"}],"wp:term":[{"taxonomy":"category","embeddable":true,"href":"https:\/\/www.europesays.com\/pt\/wp-json\/wp\/v2\/categories?post=184402"},{"taxonomy":"post_tag","embeddable":true,"href":"https:\/\/www.europesays.com\/pt\/wp-json\/wp\/v2\/tags?post=184402"}],"curies":[{"name":"wp","href":"https:\/\/api.w.org\/{rel}","templated":true}]}}