{"id":184406,"date":"2025-12-11T17:45:09","date_gmt":"2025-12-11T17:45:09","guid":{"rendered":"https:\/\/www.europesays.com\/pt\/184406\/"},"modified":"2025-12-11T17:45:09","modified_gmt":"2025-12-11T17:45:09","slug":"marisa-emociona-se-ao-contar-historia-de-natal-em-familia-esta-foi-a-reacao-de-pedro-secret-story","status":"publish","type":"post","link":"https:\/\/www.europesays.com\/pt\/184406\/","title":{"rendered":"Marisa emociona-se ao contar hist\u00f3ria de Natal em fam\u00edlia. Esta foi a rea\u00e7\u00e3o de Pedro &#8211; Secret Story"},"content":{"rendered":"<p style=\"margin-bottom:11px\">No Secret Story 9, durante uma din\u00e2mica, depois de a Voz ter pedido aos concorrentes que atribu\u00edssem elementos do pres\u00e9pio que descrevessem Pedro, Marisa atribuiu-lhe o S\u00e3o Jos\u00e9. A concorrente contou a hist\u00f3ria em quest\u00e3o e ficaram ambos emocionados. Veja o momento.<\/p>\n<p><strong>Esta semana, h\u00e1 tr\u00eas concorrentes em risco de expuls\u00e3o. Pode votar na APP oficial do TVI reality ou atrav\u00e9s das linhas telef\u00f3nicas.<\/strong><\/p>\n<p><strong>VOTE PARA SALVAR:<\/strong><\/p>\n<p><strong>ANA \u2013 761 20 20 01<\/strong><\/p>\n<p><strong>IN\u00caS \u2013 761 20 20 10<\/strong><\/p>\n<p><strong>LILIANA \u2013 761 20 20 14<\/strong><\/p>\n<p><strong>\u00a0<\/strong><\/p>\n","protected":false},"excerpt":{"rendered":"No Secret Story 9, durante uma din\u00e2mica, depois de a Voz ter pedido aos concorrentes que atribu\u00edssem elementos&hellip;\n","protected":false},"author":2,"featured_media":184407,"comment_status":"","ping_status":"","sticky":false,"template":"","format":"standard","meta":{"footnotes":""},"categories":[142],"tags":[114,115,19033,19184,19034,14646,32,33,151,19032],"class_list":{"0":"post-184406","1":"post","2":"type-post","3":"status-publish","4":"format-standard","5":"has-post-thumbnail","7":"category-tv","8":"tag-entertainment","9":"tag-entretenimento","10":"tag-galas-em-video","11":"tag-marisa","12":"tag-melhores-momentos-casa-dos-segredos","13":"tag-pedro","14":"tag-portugal","15":"tag-pt","16":"tag-tv","17":"tag-videos-secret-story-tvi"},"share_on_mastodon":{"url":"https:\/\/pubeurope.com\/@pt\/115702184236554774","error":""},"_links":{"self":[{"href":"https:\/\/www.europesays.com\/pt\/wp-json\/wp\/v2\/posts\/184406","targetHints":{"allow":["GET"]}}],"collection":[{"href":"https:\/\/www.europesays.com\/pt\/wp-json\/wp\/v2\/posts"}],"about":[{"href":"https:\/\/www.europesays.com\/pt\/wp-json\/wp\/v2\/types\/post"}],"author":[{"embeddable":true,"href":"https:\/\/www.europesays.com\/pt\/wp-json\/wp\/v2\/users\/2"}],"replies":[{"embeddable":true,"href":"https:\/\/www.europesays.com\/pt\/wp-json\/wp\/v2\/comments?post=184406"}],"version-history":[{"count":0,"href":"https:\/\/www.europesays.com\/pt\/wp-json\/wp\/v2\/posts\/184406\/revisions"}],"wp:featuredmedia":[{"embeddable":true,"href":"https:\/\/www.europesays.com\/pt\/wp-json\/wp\/v2\/media\/184407"}],"wp:attachment":[{"href":"https:\/\/www.europesays.com\/pt\/wp-json\/wp\/v2\/media?parent=184406"}],"wp:term":[{"taxonomy":"category","embeddable":true,"href":"https:\/\/www.europesays.com\/pt\/wp-json\/wp\/v2\/categories?post=184406"},{"taxonomy":"post_tag","embeddable":true,"href":"https:\/\/www.europesays.com\/pt\/wp-json\/wp\/v2\/tags?post=184406"}],"curies":[{"name":"wp","href":"https:\/\/api.w.org\/{rel}","templated":true}]}}